{"id":6837,"date":"2024-07-25T15:18:12","date_gmt":"2024-07-25T22:18:12","guid":{"rendered":"https:\/\/elreporterodelacomunidad.com\/?p=6837"},"modified":"2024-07-25T15:18:14","modified_gmt":"2024-07-25T22:18:14","slug":"aseguran-fuerzas-de-seguridad-en-vicam-armas-granadas-cartuchos-y-un-vehiculo","status":"publish","type":"post","link":"https:\/\/elreporterodelacomunidad.com\/index.php\/2024\/07\/25\/aseguran-fuerzas-de-seguridad-en-vicam-armas-granadas-cartuchos-y-un-vehiculo\/","title":{"rendered":"Aseguran fuerzas de seguridad en V\u00edcam armas, granadas, cartuchos y un veh\u00edculo."},"content":{"rendered":"\n<p>Logran detener a un joven de 17 a\u00f1os, quien cuenta con reporte de persona desaparecida en Guaymas.<\/p>\n\n\n\n<p><strong>Guaymas, Sonora, 25 de julio de 2024.-<\/strong>\u00a0Tras ser agredidos con disparos de arma de fuego en las inmediaciones de V\u00edcam, fuerzas de seguridad de los tres \u00f3rdenes de Gobierno capturaron a un joven de 17 a\u00f1os, quien cuenta reporte de persona desaparecida en Guaymas, tras el operativo aseguraron armas de alto poder, un lanzagranadas, granadas, equipo t\u00e1ctico, un veh\u00edculo y otros indicios.<\/p>\n\n\n\n<p>Los hechos se registraron alrededor de las 19:50 horas del pasado 24 de julio en un camino de terracer\u00eda ubicado al costado de un canal, entre las comunidades de V\u00edcam Pueblo y P\u00f3tam, municipio de Guaymas, donde los ocupantes de un veh\u00edculo pick up Toyota 4 Runner dispararon en contra de oficiales de la Polic\u00eda Municipal.<\/p>\n\n\n\n<p>Los elementos municipales, junto con efectivos de la Secretar\u00eda de Marina Armada de M\u00e9xico (SEMAR), repelieron la agresi\u00f3n, iniciando una persecuci\u00f3n en el lugar, en apoyo, arribaron elementos de la Agencia Ministerial de Investigaci\u00f3n Criminal (AMIC), hasta que el veh\u00edculo de los criminales se impact\u00f3 contra un \u00e1rbol.<\/p>\n\n\n\n<p>De la unidad motriz, cuatro sujetos huyeron para perderse entre el monte, pero el joven de 17 a\u00f1os, quien cuenta con reporte de persona desaparecida desde el 16 de julio de 2024, qued\u00f3 lesionado en el interior del veh\u00edculo, fue asegurado y se le brind\u00f3 atenci\u00f3n m\u00e9dica por una herida en t\u00f3rax y pelvis.<\/p>\n\n\n\n<p>Del interior del veh\u00edculo Toyota 4 Runner se localizaron y aseguraron dos fusiles AR-15, un fusil AK-47, un lanzagranadas, tres granadas calibre .40, ocho cargadores para armas de fuego AK-47 y AR-15, equipo t\u00e1ctico diverso, y la unidad automotriz modelo 2018, la cual cuenta con reporte de robo en los Estados Unidos de Am\u00e9rica.<\/p>\n\n\n\n<p>Las armas ser\u00e1n analizadas por peritos de Bal\u00edstica Forense de esta Fiscal\u00eda General de Justicia del Estado de Sonora (FGJES) para realizar comparativas con indicios bal\u00edsticos recolectados en hechos delictivos. La materia asegurada fue puesta a disposici\u00f3n de la Delegaci\u00f3n Sonora de la Fiscal\u00eda General de la Rep\u00fablica (FGR).<\/p>\n","protected":false},"excerpt":{"rendered":"<p>Logran detener a un joven de 17 a\u00f1os, quien cuenta con reporte de persona desaparecida en Guaymas. Guaymas, Sonora, 25 de julio de 2024.-\u00a0Tras ser agredidos con disparos de arma de fuego en las inmediaciones de V\u00edcam, fuerzas de seguridad de los tres \u00f3rdenes de Gobierno capturaron a un joven de 17 a\u00f1os, quien cuenta [&hellip;]<\/p>\n","protected":false},"author":1,"featured_media":6838,"comment_status":"open","ping_status":"open","sticky":false,"template":"","format":"standard","meta":{"footnotes":""},"categories":[32,39],"tags":[],"class_list":["post-6837","post","type-post","status-publish","format-standard","has-post-thumbnail","hentry","category-policiaca","category-politica"],"_links":{"self":[{"href":"https:\/\/elreporterodelacomunidad.com\/index.php\/wp-json\/wp\/v2\/posts\/6837","targetHints":{"allow":["GET"]}}],"collection":[{"href":"https:\/\/elreporterodelacomunidad.com\/index.php\/wp-json\/wp\/v2\/posts"}],"about":[{"href":"https:\/\/elreporterodelacomunidad.com\/index.php\/wp-json\/wp\/v2\/types\/post"}],"author":[{"embeddable":true,"href":"https:\/\/elreporterodelacomunidad.com\/index.php\/wp-json\/wp\/v2\/users\/1"}],"replies":[{"embeddable":true,"href":"https:\/\/elreporterodelacomunidad.com\/index.php\/wp-json\/wp\/v2\/comments?post=6837"}],"version-history":[{"count":1,"href":"https:\/\/elreporterodelacomunidad.com\/index.php\/wp-json\/wp\/v2\/posts\/6837\/revisions"}],"predecessor-version":[{"id":6839,"href":"https:\/\/elreporterodelacomunidad.com\/index.php\/wp-json\/wp\/v2\/posts\/6837\/revisions\/6839"}],"wp:featuredmedia":[{"embeddable":true,"href":"https:\/\/elreporterodelacomunidad.com\/index.php\/wp-json\/wp\/v2\/media\/6838"}],"wp:attachment":[{"href":"https:\/\/elreporterodelacomunidad.com\/index.php\/wp-json\/wp\/v2\/media?parent=6837"}],"wp:term":[{"taxonomy":"category","embeddable":true,"href":"https:\/\/elreporterodelacomunidad.com\/index.php\/wp-json\/wp\/v2\/categories?post=6837"},{"taxonomy":"post_tag","embeddable":true,"href":"https:\/\/elreporterodelacomunidad.com\/index.php\/wp-json\/wp\/v2\/tags?post=6837"}],"curies":[{"name":"wp","href":"https:\/\/api.w.org\/{rel}","templated":true}]}}