{"id":6834,"date":"2024-07-25T15:16:32","date_gmt":"2024-07-25T22:16:32","guid":{"rendered":"https:\/\/elreporterodelacomunidad.com\/?p=6834"},"modified":"2024-07-25T15:16:34","modified_gmt":"2024-07-25T22:16:34","slug":"mantiene-fgjes-acciones-de-cateo-en-caborca-en-coordinacion-con-sedena-y-guardia-nacional","status":"publish","type":"post","link":"https:\/\/elreporterodelacomunidad.com\/index.php\/2024\/07\/25\/mantiene-fgjes-acciones-de-cateo-en-caborca-en-coordinacion-con-sedena-y-guardia-nacional\/","title":{"rendered":"Mantiene FGJES acciones de cateo en Caborca en coordinaci\u00f3n con SEDENA y Guardia Nacional."},"content":{"rendered":"\n<p><strong>Caborca, Sonora, 25 de julio de 2024.-<\/strong>&nbsp;En acciones de investigaci\u00f3n y prevenci\u00f3n del delito en la zona de Caborca, la Fiscal\u00eda General de Justicia del Estado de Sonora (FGJES), con agentes de la AMIC, en coordinaci\u00f3n con la SEDENA y la GN, en cateos ha asegurado veh\u00edculos, algunos con blindaje, cartuchos para armas de fuego, cargadores, explosivos y diversos indicios.<\/p>\n\n\n\n<p>El pasado 24 de julio, personal de Servicios Periciales, elementos de la Agencia Ministerial de Investigaci\u00f3n Criminal (AMIC), Secretar\u00eda de la Defensa Nacional (SEDENA) y Guardia Nacional (GN) realizaron un cateo en la colonia Ni\u00f1os H\u00e9roes, el cual result\u00f3 positivo.<\/p>\n\n\n\n<p>En la zona del inmueble se localiz\u00f3 y asegur\u00f3 un veh\u00edculo Jeep Cherokee con blindaje, varios casquillos \u00fatiles y percutidos del calibre 7.62&#215;39, dos cargadores abastecidos para fusil AK-47, un chaleco antibalas, varios cartones con latas de cerveza y diversa documentaci\u00f3n.<\/p>\n\n\n\n<p>El mismo d\u00eda 24, tambi\u00e9n se realiz\u00f3 una acci\u00f3n de cateo en la colonia Bur\u00f3crata, donde fueron asegurados dos veh\u00edculos: una Jeep Cherokee con reporte de robo en los Estados Unidos de Am\u00e9rica y una Jeep Gladiador; adem\u00e1s cartuchos \u00fatiles calibre .50, cartuchos \u00fatiles calibre 7.62&#215;39, casquillos percutidos calibre .223, una granada de fragmentaci\u00f3n, un cargador de disco para arma calibre .223 y documentaci\u00f3n variada.<\/p>\n\n\n\n<p>Todos los indicios asegurados y recolectados quedaron a disposici\u00f3n del agente del Ministerio P\u00fablico para integrarlos a las carpetas de investigaci\u00f3n por delitos cometidos en Caborca, donde la Fiscal\u00eda General de Justicia del Estado de Sonora lleva a cabo las diligencias en la b\u00fasqueda de inhibir hechos delictivos.<\/p>\n","protected":false},"excerpt":{"rendered":"<p>Caborca, Sonora, 25 de julio de 2024.-&nbsp;En acciones de investigaci\u00f3n y prevenci\u00f3n del delito en la zona de Caborca, la Fiscal\u00eda General de Justicia del Estado de Sonora (FGJES), con agentes de la AMIC, en coordinaci\u00f3n con la SEDENA y la GN, en cateos ha asegurado veh\u00edculos, algunos con blindaje, cartuchos para armas de fuego, [&hellip;]<\/p>\n","protected":false},"author":1,"featured_media":6835,"comment_status":"open","ping_status":"open","sticky":false,"template":"","format":"standard","meta":{"footnotes":""},"categories":[32,39],"tags":[],"class_list":["post-6834","post","type-post","status-publish","format-standard","has-post-thumbnail","hentry","category-policiaca","category-politica"],"_links":{"self":[{"href":"https:\/\/elreporterodelacomunidad.com\/index.php\/wp-json\/wp\/v2\/posts\/6834","targetHints":{"allow":["GET"]}}],"collection":[{"href":"https:\/\/elreporterodelacomunidad.com\/index.php\/wp-json\/wp\/v2\/posts"}],"about":[{"href":"https:\/\/elreporterodelacomunidad.com\/index.php\/wp-json\/wp\/v2\/types\/post"}],"author":[{"embeddable":true,"href":"https:\/\/elreporterodelacomunidad.com\/index.php\/wp-json\/wp\/v2\/users\/1"}],"replies":[{"embeddable":true,"href":"https:\/\/elreporterodelacomunidad.com\/index.php\/wp-json\/wp\/v2\/comments?post=6834"}],"version-history":[{"count":1,"href":"https:\/\/elreporterodelacomunidad.com\/index.php\/wp-json\/wp\/v2\/posts\/6834\/revisions"}],"predecessor-version":[{"id":6836,"href":"https:\/\/elreporterodelacomunidad.com\/index.php\/wp-json\/wp\/v2\/posts\/6834\/revisions\/6836"}],"wp:featuredmedia":[{"embeddable":true,"href":"https:\/\/elreporterodelacomunidad.com\/index.php\/wp-json\/wp\/v2\/media\/6835"}],"wp:attachment":[{"href":"https:\/\/elreporterodelacomunidad.com\/index.php\/wp-json\/wp\/v2\/media?parent=6834"}],"wp:term":[{"taxonomy":"category","embeddable":true,"href":"https:\/\/elreporterodelacomunidad.com\/index.php\/wp-json\/wp\/v2\/categories?post=6834"},{"taxonomy":"post_tag","embeddable":true,"href":"https:\/\/elreporterodelacomunidad.com\/index.php\/wp-json\/wp\/v2\/tags?post=6834"}],"curies":[{"name":"wp","href":"https:\/\/api.w.org\/{rel}","templated":true}]}}