{"id":6823,"date":"2024-07-25T15:10:56","date_gmt":"2024-07-25T22:10:56","guid":{"rendered":"https:\/\/elreporterodelacomunidad.com\/?p=6823"},"modified":"2024-07-25T15:10:58","modified_gmt":"2024-07-25T22:10:58","slug":"imputa-fgjes-a-cinco-personas-el-delito-de-corrupcion-de-menores","status":"publish","type":"post","link":"https:\/\/elreporterodelacomunidad.com\/index.php\/2024\/07\/25\/imputa-fgjes-a-cinco-personas-el-delito-de-corrupcion-de-menores\/","title":{"rendered":"Imputa FGJES a cinco personas el delito de corrupci\u00f3n de menores."},"content":{"rendered":"\n<p>Obtiene la medida cautelar de prisi\u00f3n preventiva por hechos registrados en un motel en Hermosillo.<\/p>\n\n\n\n<p><strong>Hermosillo, Sonora, 25 de julio de 2024.-<\/strong>\u00a0La Fiscal\u00eda General de Justicia del Estado de Sonora (FGJES) imput\u00f3 el delito de corrupci\u00f3n de menores a cinco personas, y un juez les impuso la medida cautelar de prisi\u00f3n preventiva justificada, por los hechos registrados el pasado 22 de julio en un motel en Hermosillo en agravio de 14 menores, mujeres y hombres, a quienes se presume les favorecieron el consumo de bebidas embriagantes y narc\u00f3ticos.<\/p>\n\n\n\n<p>Adem\u00e1s, el juez decret\u00f3 como legal la detenci\u00f3n y retenci\u00f3n de los imputados G\u00e9nesis Yoseline \u201cN\u201d, Kevin Abraham \u201cN\u201d, Ricardo Isala\u00ed \u201cN\u201d, Jes\u00fas Francisco \u201cN\u201d y Manuel Francisco \u201cN\u201d, quedando pendiente la vinculaci\u00f3n a proceso al ampliar, junto con su defensa, el t\u00e9rmino constitucional para su resoluci\u00f3n.<\/p>\n\n\n\n<p>Alrededor de las 09:30 horas del 22 de julio, se report\u00f3 a una menor intoxicada en el interior de un motel, ubicado en el bulevar Jos\u00e9 Alberto Healy Noriega final, en la colonia Bicentenario; agentes de la Polic\u00eda Estatal de Seguridad P\u00fablica (PESP) acudieron como la primera autoridad respondiente.<\/p>\n\n\n\n<p>Ya en el sitio, se percataron de la presencia de varias personas consumiendo alcohol y sustancias il\u00edcitas, de ambos sexos de entre 14 a 17 a\u00f1os, por ello, la PESP procedi\u00f3 a detener a las cinco personas adultas, poni\u00e9ndolas a disposici\u00f3n de un agente del Ministerio P\u00fablico, y resguardar a los menores para su atenci\u00f3n.<\/p>\n\n\n\n<p>En posteriores entrevistas ante esta representaci\u00f3n social, los adolescentes expusieron que ingresaron al lugar desde la madrugada para festejar el cumplea\u00f1os de uno de ellos, ya que todos son trabajadores en dos puntos de venta de &#8220;hotdogs&#8221;; agregaron que llevaron las bebidas alcoh\u00f3licas y que, posteriormente, les llevaron los narc\u00f3ticos.<\/p>\n\n\n\n<p>En acciones de investigaci\u00f3n realizadas por la Fiscal\u00eda General de Justicia del Estado de Sonora (FGJES), se les practicaron pruebas de alcoholemia a los menores, resultando positivas, al igual que el examen toxicol\u00f3gico, el cual arroj\u00f3 presencia de coca\u00edna, marihuana, anfetamina, metanfetamina y benzodiacepinas.<\/p>\n\n\n\n<p>Con elementos de la Agencia Ministerial de Investigaci\u00f3n Criminal (AMIC) y personal de Servicios Periciales se realizaron dos cateos en el motel con resultados positivos, asegurando como indicios bebidas alcoh\u00f3licas, c\u00e1maras de videograbaci\u00f3n y varias sustancias il\u00edcitas en envoltorios; adem\u00e1s, el inmueble qued\u00f3 asegurado para preservar la escena, ya que se mantienen las investigaciones.<\/p>\n\n\n\n<p>Los menores fueron puestos a disposici\u00f3n de la Procuradur\u00eda de Protecci\u00f3n de Ni\u00f1as, Ni\u00f1os y Adolescentes del Estado de Sonora, quien a su vez los entreg\u00f3 a sus respectivos padres; mientras tanto, los cinco adultos fueron ingresados al Centro de Reinserci\u00f3n Social (CERESO) para las audiencias que marca la ley.<\/p>\n\n\n\n<p>La Fiscal\u00eda General de Justicia del Estado de Sonora (FGJES) reitera su firme compromiso de realizar investigaciones exhaustivas y diligentes, en estricto apego a la ley, para salvaguardar el derecho de ni\u00f1as, ni\u00f1os y adolescentes a una vida libre de violencia, garantizar su integridad y seguridad conforme a los principios de justicia y protecci\u00f3n.<\/p>\n","protected":false},"excerpt":{"rendered":"<p>Obtiene la medida cautelar de prisi\u00f3n preventiva por hechos registrados en un motel en Hermosillo. Hermosillo, Sonora, 25 de julio de 2024.-\u00a0La Fiscal\u00eda General de Justicia del Estado de Sonora (FGJES) imput\u00f3 el delito de corrupci\u00f3n de menores a cinco personas, y un juez les impuso la medida cautelar de prisi\u00f3n preventiva justificada, por los [&hellip;]<\/p>\n","protected":false},"author":1,"featured_media":6824,"comment_status":"open","ping_status":"open","sticky":false,"template":"","format":"standard","meta":{"footnotes":""},"categories":[34,32,39],"tags":[],"class_list":["post-6823","post","type-post","status-publish","format-standard","has-post-thumbnail","hentry","category-general","category-policiaca","category-politica"],"_links":{"self":[{"href":"https:\/\/elreporterodelacomunidad.com\/index.php\/wp-json\/wp\/v2\/posts\/6823","targetHints":{"allow":["GET"]}}],"collection":[{"href":"https:\/\/elreporterodelacomunidad.com\/index.php\/wp-json\/wp\/v2\/posts"}],"about":[{"href":"https:\/\/elreporterodelacomunidad.com\/index.php\/wp-json\/wp\/v2\/types\/post"}],"author":[{"embeddable":true,"href":"https:\/\/elreporterodelacomunidad.com\/index.php\/wp-json\/wp\/v2\/users\/1"}],"replies":[{"embeddable":true,"href":"https:\/\/elreporterodelacomunidad.com\/index.php\/wp-json\/wp\/v2\/comments?post=6823"}],"version-history":[{"count":1,"href":"https:\/\/elreporterodelacomunidad.com\/index.php\/wp-json\/wp\/v2\/posts\/6823\/revisions"}],"predecessor-version":[{"id":6825,"href":"https:\/\/elreporterodelacomunidad.com\/index.php\/wp-json\/wp\/v2\/posts\/6823\/revisions\/6825"}],"wp:featuredmedia":[{"embeddable":true,"href":"https:\/\/elreporterodelacomunidad.com\/index.php\/wp-json\/wp\/v2\/media\/6824"}],"wp:attachment":[{"href":"https:\/\/elreporterodelacomunidad.com\/index.php\/wp-json\/wp\/v2\/media?parent=6823"}],"wp:term":[{"taxonomy":"category","embeddable":true,"href":"https:\/\/elreporterodelacomunidad.com\/index.php\/wp-json\/wp\/v2\/categories?post=6823"},{"taxonomy":"post_tag","embeddable":true,"href":"https:\/\/elreporterodelacomunidad.com\/index.php\/wp-json\/wp\/v2\/tags?post=6823"}],"curies":[{"name":"wp","href":"https:\/\/api.w.org\/{rel}","templated":true}]}}