{"id":6807,"date":"2024-07-24T20:43:37","date_gmt":"2024-07-25T03:43:37","guid":{"rendered":"https:\/\/elreporterodelacomunidad.com\/?p=6807"},"modified":"2024-07-24T20:43:39","modified_gmt":"2024-07-25T03:43:39","slug":"policias-de-san-luis-rio-colorado-protestan-y-exigen-certidumbre-laboral-tras-nuevo-decreto-estatal","status":"publish","type":"post","link":"https:\/\/elreporterodelacomunidad.com\/index.php\/2024\/07\/24\/policias-de-san-luis-rio-colorado-protestan-y-exigen-certidumbre-laboral-tras-nuevo-decreto-estatal\/","title":{"rendered":"Polic\u00edas de San Luis R\u00edo Colorado protestan y exigen certidumbre laboral tras nuevo decreto estatal."},"content":{"rendered":"\n<p>El presidente municipal, Santos Gonz\u00e1lez, asegur\u00f3 la continuidad de sus sueldos y prestaciones, mientras que se gestionan negociaciones para garantizar la certidumbre laboral.<\/p>\n\n\n\n<p><\/p>\n\n\n\n<p>San Luis R\u00edo Colorado, Sonora a 24 de Julio del 2024.- Cerca de un centenar de elementos pertenecientes a la Polic\u00eda Municipal de San Luis R\u00edo Colorado se manifestaron en la Comisar\u00eda tras emitirse un decreto del Mando \u00danico Policial, publicado por el gobernador de Sonora, Alfonso Durazo, que estipulaba que la Secretar\u00eda de Seguridad P\u00fablica Estatal asumir\u00eda la responsabilidad de la seguridad en el municipio.<\/p>\n\n\n\n<p>La causa de la manifestaci\u00f3n fue la incertidumbre generada por el decreto, que relev\u00f3 a los polic\u00edas de sus funciones y estableci\u00f3 que deb\u00edan trasladarse a Hermosillo para evaluaciones y capacitaciones.<\/p>\n\n\n\n<p>Por su parte, el presidente municipal, Santos Gonz\u00e1lez, hizo acto de presencia en los patios de la Comisar\u00eda, donde asegur\u00f3 a los uniformados que sus prestaciones y sueldos estaban garantizados por el gobierno municipal.<\/p>\n\n\n\n<p>\u201cTengan confianza, todo va a estar bien, no los vamos a dejar solos\u201d, comparti\u00f3 el alcalde.<\/p>\n\n\n\n<p>De igual manera, algunos polic\u00edas expresaron su inconformidad por tener que trasladarse a Hermosillo, ya que la duraci\u00f3n de las capacitaciones no estaba definida en el decreto, lo que implicar\u00eda un alejamiento de sus familias.<\/p>\n\n\n\n<p>Finalmente, se dio a conocer que a\u00fan hab\u00eda negociaciones por parte del gobierno municipal, buscando garantizar certidumbre laboral a los m\u00e1s de 200 polic\u00edas municipales bajo el nuevo esquema del decreto.<\/p>\n","protected":false},"excerpt":{"rendered":"<p>El presidente municipal, Santos Gonz\u00e1lez, asegur\u00f3 la continuidad de sus sueldos y prestaciones, mientras que se gestionan negociaciones para garantizar la certidumbre laboral. San Luis R\u00edo Colorado, Sonora a 24 de Julio del 2024.- Cerca de un centenar de elementos pertenecientes a la Polic\u00eda Municipal de San Luis R\u00edo Colorado se manifestaron en la Comisar\u00eda [&hellip;]<\/p>\n","protected":false},"author":1,"featured_media":6808,"comment_status":"open","ping_status":"open","sticky":false,"template":"","format":"standard","meta":{"footnotes":""},"categories":[32,39,26,27],"tags":[],"class_list":["post-6807","post","type-post","status-publish","format-standard","has-post-thumbnail","hentry","category-policiaca","category-politica","category-principal","category-ultimahora"],"_links":{"self":[{"href":"https:\/\/elreporterodelacomunidad.com\/index.php\/wp-json\/wp\/v2\/posts\/6807","targetHints":{"allow":["GET"]}}],"collection":[{"href":"https:\/\/elreporterodelacomunidad.com\/index.php\/wp-json\/wp\/v2\/posts"}],"about":[{"href":"https:\/\/elreporterodelacomunidad.com\/index.php\/wp-json\/wp\/v2\/types\/post"}],"author":[{"embeddable":true,"href":"https:\/\/elreporterodelacomunidad.com\/index.php\/wp-json\/wp\/v2\/users\/1"}],"replies":[{"embeddable":true,"href":"https:\/\/elreporterodelacomunidad.com\/index.php\/wp-json\/wp\/v2\/comments?post=6807"}],"version-history":[{"count":1,"href":"https:\/\/elreporterodelacomunidad.com\/index.php\/wp-json\/wp\/v2\/posts\/6807\/revisions"}],"predecessor-version":[{"id":6809,"href":"https:\/\/elreporterodelacomunidad.com\/index.php\/wp-json\/wp\/v2\/posts\/6807\/revisions\/6809"}],"wp:featuredmedia":[{"embeddable":true,"href":"https:\/\/elreporterodelacomunidad.com\/index.php\/wp-json\/wp\/v2\/media\/6808"}],"wp:attachment":[{"href":"https:\/\/elreporterodelacomunidad.com\/index.php\/wp-json\/wp\/v2\/media?parent=6807"}],"wp:term":[{"taxonomy":"category","embeddable":true,"href":"https:\/\/elreporterodelacomunidad.com\/index.php\/wp-json\/wp\/v2\/categories?post=6807"},{"taxonomy":"post_tag","embeddable":true,"href":"https:\/\/elreporterodelacomunidad.com\/index.php\/wp-json\/wp\/v2\/tags?post=6807"}],"curies":[{"name":"wp","href":"https:\/\/api.w.org\/{rel}","templated":true}]}}