{"id":6804,"date":"2024-07-24T20:38:16","date_gmt":"2024-07-25T03:38:16","guid":{"rendered":"https:\/\/elreporterodelacomunidad.com\/?p=6804"},"modified":"2024-07-24T20:38:18","modified_gmt":"2024-07-25T03:38:18","slug":"vuelca-pipa-con-60-mil-litros-de-combustible-en-carretera-guaymas-hermosillo","status":"publish","type":"post","link":"https:\/\/elreporterodelacomunidad.com\/index.php\/2024\/07\/24\/vuelca-pipa-con-60-mil-litros-de-combustible-en-carretera-guaymas-hermosillo\/","title":{"rendered":"Vuelca pipa con 60 mil litros de combustible en carretera Guaymas-Hermosillo."},"content":{"rendered":"\n<p>El transporte acababa de salir de la terminal de Petr\u00f3leos Mexicanos ubicada en Guaymas.<\/p>\n\n\n\n<p>Hermosillo, Sonora a 24 de Julio del 2024.- La madrugada de este mi\u00e9rcoles una pipa doble remolque cargada con m\u00e1s de 60 mil litros de combustible volc\u00f3 sobre el kil\u00f3metro 225 de la carretera Guaymas-Hermosillo.<\/p>\n\n\n\n<p>Tras el accidente el veh\u00edculo derram\u00f3 de combustible, por lo que se activ\u00f3 un operativo por parte de Protecci\u00f3n Civil.<\/p>\n\n\n\n<p>La dependencia emiti\u00f3 una alerta para que personas que circulan por la carretera internacional M\u00e9xico 15 tomar\u00e1n precauciones.<\/p>\n\n\n\n<p>El conductor de la pipa que sali\u00f3 desde el municipio de Guaymas rumbo a Nogales, fue auxiliado por param\u00e9dicos de Cruz Roja.<\/p>\n\n\n\n<p>No hay m\u00e1s personas lesionadas.<\/p>\n\n\n\n<p>Los motivos que provocaron este accidente a\u00fan se desconocen.<\/p>\n","protected":false},"excerpt":{"rendered":"<p>El transporte acababa de salir de la terminal de Petr\u00f3leos Mexicanos ubicada en Guaymas. Hermosillo, Sonora a 24 de Julio del 2024.- La madrugada de este mi\u00e9rcoles una pipa doble remolque cargada con m\u00e1s de 60 mil litros de combustible volc\u00f3 sobre el kil\u00f3metro 225 de la carretera Guaymas-Hermosillo. Tras el accidente el veh\u00edculo derram\u00f3 [&hellip;]<\/p>\n","protected":false},"author":1,"featured_media":6805,"comment_status":"open","ping_status":"open","sticky":false,"template":"","format":"standard","meta":{"footnotes":""},"categories":[32,39],"tags":[],"class_list":["post-6804","post","type-post","status-publish","format-standard","has-post-thumbnail","hentry","category-policiaca","category-politica"],"_links":{"self":[{"href":"https:\/\/elreporterodelacomunidad.com\/index.php\/wp-json\/wp\/v2\/posts\/6804","targetHints":{"allow":["GET"]}}],"collection":[{"href":"https:\/\/elreporterodelacomunidad.com\/index.php\/wp-json\/wp\/v2\/posts"}],"about":[{"href":"https:\/\/elreporterodelacomunidad.com\/index.php\/wp-json\/wp\/v2\/types\/post"}],"author":[{"embeddable":true,"href":"https:\/\/elreporterodelacomunidad.com\/index.php\/wp-json\/wp\/v2\/users\/1"}],"replies":[{"embeddable":true,"href":"https:\/\/elreporterodelacomunidad.com\/index.php\/wp-json\/wp\/v2\/comments?post=6804"}],"version-history":[{"count":1,"href":"https:\/\/elreporterodelacomunidad.com\/index.php\/wp-json\/wp\/v2\/posts\/6804\/revisions"}],"predecessor-version":[{"id":6806,"href":"https:\/\/elreporterodelacomunidad.com\/index.php\/wp-json\/wp\/v2\/posts\/6804\/revisions\/6806"}],"wp:featuredmedia":[{"embeddable":true,"href":"https:\/\/elreporterodelacomunidad.com\/index.php\/wp-json\/wp\/v2\/media\/6805"}],"wp:attachment":[{"href":"https:\/\/elreporterodelacomunidad.com\/index.php\/wp-json\/wp\/v2\/media?parent=6804"}],"wp:term":[{"taxonomy":"category","embeddable":true,"href":"https:\/\/elreporterodelacomunidad.com\/index.php\/wp-json\/wp\/v2\/categories?post=6804"},{"taxonomy":"post_tag","embeddable":true,"href":"https:\/\/elreporterodelacomunidad.com\/index.php\/wp-json\/wp\/v2\/tags?post=6804"}],"curies":[{"name":"wp","href":"https:\/\/api.w.org\/{rel}","templated":true}]}}