{"id":6762,"date":"2024-07-23T20:19:57","date_gmt":"2024-07-24T03:19:57","guid":{"rendered":"https:\/\/elreporterodelacomunidad.com\/?p=6762"},"modified":"2024-07-23T20:19:59","modified_gmt":"2024-07-24T03:19:59","slug":"regularizacion-de-autos-chocolate-finaliza-el-30-de-septiembre","status":"publish","type":"post","link":"https:\/\/elreporterodelacomunidad.com\/index.php\/2024\/07\/23\/regularizacion-de-autos-chocolate-finaliza-el-30-de-septiembre\/","title":{"rendered":"Regularizaci\u00f3n de autos \u201cchocolate\u201d finaliza el 30 de septiembre."},"content":{"rendered":"\n<p>Este programa, dirigido a regularizar veh\u00edculos importados desde Estados Unidos que ingresaron a M\u00e9xico sin la documentaci\u00f3n adecuada, ha regularizado m\u00e1s de 2.4 millones de veh\u00edculos, seg\u00fan la Secretar\u00eda de Seguridad y Protecci\u00f3n Ciudadana.<\/p>\n\n\n\n<p>Ciudad de M\u00e9xico a 23 de Julio del 2024.- El Programa de Regularizaci\u00f3n de Veh\u00edculos Usados de Procedencia Extranjera, implementado el 19 de marzo de 2022, est\u00e1 llegando a su etapa final.<\/p>\n\n\n\n<p>El cierre est\u00e1 programado para el 30 de septiembre de 2024. Este programa, dirigido a regularizar veh\u00edculos importados desde Estados Unidos que ingresaron a M\u00e9xico sin la documentaci\u00f3n adecuada, ha regularizado m\u00e1s de 2.4 millones de veh\u00edculos, seg\u00fan la Secretar\u00eda de Seguridad y Protecci\u00f3n Ciudadana.<\/p>\n\n\n\n<p>A pesar de su \u00e9xito, la iniciativa ha sido objeto de cr\u00edticas, especialmente por parte de grupos de distribuidores de autos nuevos y seminuevos. Estos distribuidores argumentan que la regularizaci\u00f3n de veh\u00edculos usados podr\u00eda desincentivar la compra de veh\u00edculos nuevos o seminuevos al ofrecer una alternativa m\u00e1s econ\u00f3mica. Esto, seg\u00fan ellos, afecta sus ventas y pone en riesgo el mercado de autos leg\u00edtimos, inform\u00f3 Expansi\u00f3n.<\/p>\n\n\n\n<p>Recaudaci\u00f3n y uso de fondos<\/p>\n\n\n\n<p>Hasta el 22 de julio de 2024, se han regularizado 2,406,837 veh\u00edculos, correspondientes a modelos de 2018 o anteriores. El programa ha recaudado m\u00e1s de 6,017 millones de pesos, con un costo de 2,500 pesos por veh\u00edculo.<\/p>\n\n\n\n<p>Los fondos recaudados se destinan a la Tesorer\u00eda de la Federaci\u00f3n, que redistribuye estos recursos a los estados para financiar proyectos de infraestructura vial.<\/p>\n\n\n\n<p>Rosa Icela Rodr\u00edguez, Secretaria de Seguridad y Protecci\u00f3n Ciudadana, inform\u00f3 que los fondos obtenidos se utilizan para mejorar la movilidad urbana.<\/p>\n\n\n\n<p>Hasta la fecha, la inversi\u00f3n ha permitido mejorar 5,211,650 metros cuadrados de avenidas en estados como Tamaulipas, Sonora, Michoac\u00e1n y Baja California Sur. Los proyectos incluyen pavimentaci\u00f3n de calles y avenidas y la reparaci\u00f3n de baches.<\/p>\n\n\n\n<p>Estados con mayor regularizaci\u00f3n<\/p>\n\n\n\n<p>Los estados que han registrado el mayor n\u00famero de veh\u00edculos regularizados son:<\/p>\n\n\n\n<p>Chihuahua: 423,000 veh\u00edculos y 1,058 millones de pesos recaudados.<\/p>\n\n\n\n<p>Tamaulipas: 423,000 veh\u00edculos y 1,057 millones de pesos recaudados.<\/p>\n\n\n\n<p>Baja California: 380,000 veh\u00edculos y 952 millones de pesos recaudados.<\/p>\n\n\n\n<p>Estos tres estados concentran el 51% del total de veh\u00edculos regularizados y fondos obtenidos.<\/p>\n","protected":false},"excerpt":{"rendered":"<p>Este programa, dirigido a regularizar veh\u00edculos importados desde Estados Unidos que ingresaron a M\u00e9xico sin la documentaci\u00f3n adecuada, ha regularizado m\u00e1s de 2.4 millones de veh\u00edculos, seg\u00fan la Secretar\u00eda de Seguridad y Protecci\u00f3n Ciudadana. Ciudad de M\u00e9xico a 23 de Julio del 2024.- El Programa de Regularizaci\u00f3n de Veh\u00edculos Usados de Procedencia Extranjera, implementado el [&hellip;]<\/p>\n","protected":false},"author":1,"featured_media":6763,"comment_status":"open","ping_status":"open","sticky":false,"template":"","format":"standard","meta":{"footnotes":""},"categories":[35,34,39],"tags":[],"class_list":["post-6762","post","type-post","status-publish","format-standard","has-post-thumbnail","hentry","category-finanzas","category-general","category-politica"],"_links":{"self":[{"href":"https:\/\/elreporterodelacomunidad.com\/index.php\/wp-json\/wp\/v2\/posts\/6762","targetHints":{"allow":["GET"]}}],"collection":[{"href":"https:\/\/elreporterodelacomunidad.com\/index.php\/wp-json\/wp\/v2\/posts"}],"about":[{"href":"https:\/\/elreporterodelacomunidad.com\/index.php\/wp-json\/wp\/v2\/types\/post"}],"author":[{"embeddable":true,"href":"https:\/\/elreporterodelacomunidad.com\/index.php\/wp-json\/wp\/v2\/users\/1"}],"replies":[{"embeddable":true,"href":"https:\/\/elreporterodelacomunidad.com\/index.php\/wp-json\/wp\/v2\/comments?post=6762"}],"version-history":[{"count":1,"href":"https:\/\/elreporterodelacomunidad.com\/index.php\/wp-json\/wp\/v2\/posts\/6762\/revisions"}],"predecessor-version":[{"id":6764,"href":"https:\/\/elreporterodelacomunidad.com\/index.php\/wp-json\/wp\/v2\/posts\/6762\/revisions\/6764"}],"wp:featuredmedia":[{"embeddable":true,"href":"https:\/\/elreporterodelacomunidad.com\/index.php\/wp-json\/wp\/v2\/media\/6763"}],"wp:attachment":[{"href":"https:\/\/elreporterodelacomunidad.com\/index.php\/wp-json\/wp\/v2\/media?parent=6762"}],"wp:term":[{"taxonomy":"category","embeddable":true,"href":"https:\/\/elreporterodelacomunidad.com\/index.php\/wp-json\/wp\/v2\/categories?post=6762"},{"taxonomy":"post_tag","embeddable":true,"href":"https:\/\/elreporterodelacomunidad.com\/index.php\/wp-json\/wp\/v2\/tags?post=6762"}],"curies":[{"name":"wp","href":"https:\/\/api.w.org\/{rel}","templated":true}]}}