{"id":6621,"date":"2024-07-19T19:11:34","date_gmt":"2024-07-20T02:11:34","guid":{"rendered":"https:\/\/elreporterodelacomunidad.com\/?p=6621"},"modified":"2024-07-19T19:14:33","modified_gmt":"2024-07-20T02:14:33","slug":"en-operacion-el-primero-de-6-radares-de-velocidad-vehicular-en-hermosillo","status":"publish","type":"post","link":"https:\/\/elreporterodelacomunidad.com\/index.php\/2024\/07\/19\/en-operacion-el-primero-de-6-radares-de-velocidad-vehicular-en-hermosillo\/","title":{"rendered":"En operaci\u00f3n el primero de 6 radares de velocidad vehicular en Hermosillo."},"content":{"rendered":"\n<p>Se localiza sobre el bulevar Gustavo Maz\u00f3n, una de las r\u00faas seleccionadas por el tr\u00e1nsito acelerado de veh\u00edculos.<\/p>\n\n\n\n<p><\/p>\n\n\n\n<p><img loading=\"lazy\" decoding=\"async\" width=\"150\" height=\"107\" class=\"wp-image-6623\" style=\"width: 150px;\" src=\"https:\/\/elreporterodelacomunidad.com\/wp-content\/uploads\/2024\/07\/En-operacion-el-primero-de-6-radares-de-velocidad-vehicular-en-Hermosillo-1.jpeg\" alt=\"\" srcset=\"https:\/\/elreporterodelacomunidad.com\/wp-content\/uploads\/2024\/07\/En-operacion-el-primero-de-6-radares-de-velocidad-vehicular-en-Hermosillo-1.jpeg 1600w, https:\/\/elreporterodelacomunidad.com\/wp-content\/uploads\/2024\/07\/En-operacion-el-primero-de-6-radares-de-velocidad-vehicular-en-Hermosillo-1-300x214.jpeg 300w, https:\/\/elreporterodelacomunidad.com\/wp-content\/uploads\/2024\/07\/En-operacion-el-primero-de-6-radares-de-velocidad-vehicular-en-Hermosillo-1-1024x732.jpeg 1024w, https:\/\/elreporterodelacomunidad.com\/wp-content\/uploads\/2024\/07\/En-operacion-el-primero-de-6-radares-de-velocidad-vehicular-en-Hermosillo-1-768x549.jpeg 768w, https:\/\/elreporterodelacomunidad.com\/wp-content\/uploads\/2024\/07\/En-operacion-el-primero-de-6-radares-de-velocidad-vehicular-en-Hermosillo-1-1536x1097.jpeg 1536w, https:\/\/elreporterodelacomunidad.com\/wp-content\/uploads\/2024\/07\/En-operacion-el-primero-de-6-radares-de-velocidad-vehicular-en-Hermosillo-1-120x86.jpeg 120w, https:\/\/elreporterodelacomunidad.com\/wp-content\/uploads\/2024\/07\/En-operacion-el-primero-de-6-radares-de-velocidad-vehicular-en-Hermosillo-1-350x250.jpeg 350w, https:\/\/elreporterodelacomunidad.com\/wp-content\/uploads\/2024\/07\/En-operacion-el-primero-de-6-radares-de-velocidad-vehicular-en-Hermosillo-1-750x536.jpeg 750w, https:\/\/elreporterodelacomunidad.com\/wp-content\/uploads\/2024\/07\/En-operacion-el-primero-de-6-radares-de-velocidad-vehicular-en-Hermosillo-1-1140x814.jpeg 1140w\" sizes=\"auto, (max-width: 150px) 100vw, 150px\" \/><\/p>\n\n\n\n<p class=\"has-medium-font-size\">Hermosillo, Sonora; 19 de julio, 2024.- Para crear conciencia entre las y los automovilistas sobre el respeto de los l\u00edmites de velocidad, el Gobierno Municipal de Hermosillo coloca radares fijos alimentados por energ\u00eda solar.<\/p>\n\n\n\n<p>Samuel Chenowett Acosta, director de Vialidad y Semaforizaci\u00f3n de la Coordinaci\u00f3n de Infraestructura, Desarrollo Urbano y Ecolog\u00eda (CIDUE), detall\u00f3 que el primero de estos dispositivos ya fue puesto en operaci\u00f3n sobre el bulevar Gustavo Maz\u00f3n, de norte a sur, antes de llegar al fraccionamiento Monterrosa.<\/p>\n\n\n\n<p>En el bulevar Morelos se colocar\u00e1 otro en el tramo entre Progreso y Santa Cecilia, un tercero estar\u00e1 por el bulevar Enrique Maz\u00f3n L\u00f3pez, a la altura de la Universidad del Valle de M\u00e9xico, el cuarto en el bulevar Garc\u00eda Morales, bajando el puente del bulevar Quiroga, el quinto en L\u00e1zaro C\u00e1rdenas, entre Solidaridad y Quiroga y el sexto en Colosio, entre Quintero Arce y Quiroga, detall\u00f3.<\/p>\n\n\n\n<p>La idea, a\u00f1adi\u00f3, b\u00e1sicamente es empezar a informar y generar conciencia entre la ciudadan\u00eda que circulan en esos tramos sobre la velocidad en que se desplaza.<\/p>\n\n\n\n<p>\u201cTodo esto es con el objetivo de reducir las velocidades, y se escogieron esos tramos porque tenemos altas velocidades en ellos\u201d, explic\u00f3.<\/p>\n\n\n\n<p>El marcador cuenta con dos d\u00edgitos en los que se registra la velocidad en tiempo real, y en medio de \u00e9stos una luz blanca que parpadea si se est\u00e1 excediendo el l\u00edmite establecido, relat\u00f3.<\/p>\n\n\n\n<p>Hizo notar que al margen de que tras el volante se pueden cometer equivocaciones, tomar malas decisiones, o aplicar mal el criterio al medir distancias, lo que agrava las consecuencias de un accidente automovil\u00edstico es lo r\u00e1pido que se desplaza la unidad y por ello es importante acatar los l\u00edmites autorizados.<\/p>\n\n\n\n<p>Revel\u00f3 que los dispositivos se complementar\u00e1n con un rallado logar\u00edtmico que consiste en 13 l\u00edneas paralelas a diferentes distancias, como una forma de reforzar la operatividad de estos dispositivos.<\/p>\n","protected":false},"excerpt":{"rendered":"<p>Se localiza sobre el bulevar Gustavo Maz\u00f3n, una de las r\u00faas seleccionadas por el tr\u00e1nsito acelerado de veh\u00edculos. Hermosillo, Sonora; 19 de julio, 2024.- Para crear conciencia entre las y los automovilistas sobre el respeto de los l\u00edmites de velocidad, el Gobierno Municipal de Hermosillo coloca radares fijos alimentados por energ\u00eda solar. Samuel Chenowett Acosta, [&hellip;]<\/p>\n","protected":false},"author":1,"featured_media":6623,"comment_status":"open","ping_status":"open","sticky":false,"template":"","format":"standard","meta":{"footnotes":""},"categories":[32,39,26,27,45],"tags":[],"class_list":["post-6621","post","type-post","status-publish","format-standard","has-post-thumbnail","hentry","category-policiaca","category-politica","category-principal","category-ultimahora","category-ultimasnoticias"],"_links":{"self":[{"href":"https:\/\/elreporterodelacomunidad.com\/index.php\/wp-json\/wp\/v2\/posts\/6621","targetHints":{"allow":["GET"]}}],"collection":[{"href":"https:\/\/elreporterodelacomunidad.com\/index.php\/wp-json\/wp\/v2\/posts"}],"about":[{"href":"https:\/\/elreporterodelacomunidad.com\/index.php\/wp-json\/wp\/v2\/types\/post"}],"author":[{"embeddable":true,"href":"https:\/\/elreporterodelacomunidad.com\/index.php\/wp-json\/wp\/v2\/users\/1"}],"replies":[{"embeddable":true,"href":"https:\/\/elreporterodelacomunidad.com\/index.php\/wp-json\/wp\/v2\/comments?post=6621"}],"version-history":[{"count":2,"href":"https:\/\/elreporterodelacomunidad.com\/index.php\/wp-json\/wp\/v2\/posts\/6621\/revisions"}],"predecessor-version":[{"id":6625,"href":"https:\/\/elreporterodelacomunidad.com\/index.php\/wp-json\/wp\/v2\/posts\/6621\/revisions\/6625"}],"wp:featuredmedia":[{"embeddable":true,"href":"https:\/\/elreporterodelacomunidad.com\/index.php\/wp-json\/wp\/v2\/media\/6623"}],"wp:attachment":[{"href":"https:\/\/elreporterodelacomunidad.com\/index.php\/wp-json\/wp\/v2\/media?parent=6621"}],"wp:term":[{"taxonomy":"category","embeddable":true,"href":"https:\/\/elreporterodelacomunidad.com\/index.php\/wp-json\/wp\/v2\/categories?post=6621"},{"taxonomy":"post_tag","embeddable":true,"href":"https:\/\/elreporterodelacomunidad.com\/index.php\/wp-json\/wp\/v2\/tags?post=6621"}],"curies":[{"name":"wp","href":"https:\/\/api.w.org\/{rel}","templated":true}]}}