{"id":6614,"date":"2024-07-19T13:58:24","date_gmt":"2024-07-19T20:58:24","guid":{"rendered":"https:\/\/elreporterodelacomunidad.com\/?p=6614"},"modified":"2024-07-19T13:58:27","modified_gmt":"2024-07-19T20:58:27","slug":"queda-juan-n-vinculado-a-proceso-por-desaparicion-de-personas-en-cajeme","status":"publish","type":"post","link":"https:\/\/elreporterodelacomunidad.com\/index.php\/2024\/07\/19\/queda-juan-n-vinculado-a-proceso-por-desaparicion-de-personas-en-cajeme\/","title":{"rendered":"Queda Juan \u201cN\u201d vinculado a proceso por desaparici\u00f3n de personas en Cajeme."},"content":{"rendered":"\n<p><strong>Cajeme, Sonora, 19 de julio de 2024.-<\/strong>&nbsp;Con s\u00f3lidos datos de pruebas recabados en diversos actos de investigaci\u00f3n, la Fiscal\u00eda General de Justicia del Estado de Sonora (FGJES) logr\u00f3 que un juez vinculara a proceso y dictara la medida cautelar de prisi\u00f3n preventiva justificada para Juan \u201cN\u201d, por el delito de desaparici\u00f3n de personas cometida por particulares, en agravio de Ivonne Anette \u201cN\u201d.<\/p>\n\n\n\n<p>En la respectiva carpeta de investigaci\u00f3n qued\u00f3 establecido que el imputado, alrededor de las 07:00 horas del pasado 8 de junio, se encontraba en un domicilio ubicado en la colonia Villa Bonita, en Ciudad Obreg\u00f3n, donde priv\u00f3 de la libertad a la v\u00edctima con la finalidad de ocultar su paradero.<\/p>\n\n\n\n<p>Desde entonces, se desconoce la suerte de la mujer, quien se encuentra desaparecida, por ello, se mantienen las indagatorias y labores de b\u00fasqueda en la regi\u00f3n, a cargo del agente del Ministerio P\u00fablico y los elementos de la Agencia Ministerial de Investigaci\u00f3n Criminal (AMIC).<\/p>\n\n\n\n<p>Juan \u201cN\u201d qued\u00f3 internado en el Centro de Reinserci\u00f3n Social (CERESO) de Ciudad Obreg\u00f3n mientras se desarrolla el proceso judicial. Esta representaci\u00f3n social contin\u00faa recabando informaci\u00f3n para fortalecer la investigaci\u00f3n del caso y obtener una condena ejemplar en los tribunales.<\/p>\n\n\n\n<p>La Fiscal\u00eda General de Justicia del Estado de Sonora (FGJES), en cumplimiento del derecho de acceso a la justicia para las personas reportadas como extraviadas o desaparecidas, lleva a cabo acciones continuas para su localizaci\u00f3n, con el objetivo de proporcionar respuestas satisfactorias a las familias de las v\u00edctimas.<\/p>\n","protected":false},"excerpt":{"rendered":"<p>Cajeme, Sonora, 19 de julio de 2024.-&nbsp;Con s\u00f3lidos datos de pruebas recabados en diversos actos de investigaci\u00f3n, la Fiscal\u00eda General de Justicia del Estado de Sonora (FGJES) logr\u00f3 que un juez vinculara a proceso y dictara la medida cautelar de prisi\u00f3n preventiva justificada para Juan \u201cN\u201d, por el delito de desaparici\u00f3n de personas cometida por [&hellip;]<\/p>\n","protected":false},"author":1,"featured_media":6615,"comment_status":"open","ping_status":"open","sticky":false,"template":"","format":"standard","meta":{"footnotes":""},"categories":[32,39],"tags":[],"class_list":["post-6614","post","type-post","status-publish","format-standard","has-post-thumbnail","hentry","category-policiaca","category-politica"],"_links":{"self":[{"href":"https:\/\/elreporterodelacomunidad.com\/index.php\/wp-json\/wp\/v2\/posts\/6614","targetHints":{"allow":["GET"]}}],"collection":[{"href":"https:\/\/elreporterodelacomunidad.com\/index.php\/wp-json\/wp\/v2\/posts"}],"about":[{"href":"https:\/\/elreporterodelacomunidad.com\/index.php\/wp-json\/wp\/v2\/types\/post"}],"author":[{"embeddable":true,"href":"https:\/\/elreporterodelacomunidad.com\/index.php\/wp-json\/wp\/v2\/users\/1"}],"replies":[{"embeddable":true,"href":"https:\/\/elreporterodelacomunidad.com\/index.php\/wp-json\/wp\/v2\/comments?post=6614"}],"version-history":[{"count":1,"href":"https:\/\/elreporterodelacomunidad.com\/index.php\/wp-json\/wp\/v2\/posts\/6614\/revisions"}],"predecessor-version":[{"id":6616,"href":"https:\/\/elreporterodelacomunidad.com\/index.php\/wp-json\/wp\/v2\/posts\/6614\/revisions\/6616"}],"wp:featuredmedia":[{"embeddable":true,"href":"https:\/\/elreporterodelacomunidad.com\/index.php\/wp-json\/wp\/v2\/media\/6615"}],"wp:attachment":[{"href":"https:\/\/elreporterodelacomunidad.com\/index.php\/wp-json\/wp\/v2\/media?parent=6614"}],"wp:term":[{"taxonomy":"category","embeddable":true,"href":"https:\/\/elreporterodelacomunidad.com\/index.php\/wp-json\/wp\/v2\/categories?post=6614"},{"taxonomy":"post_tag","embeddable":true,"href":"https:\/\/elreporterodelacomunidad.com\/index.php\/wp-json\/wp\/v2\/tags?post=6614"}],"curies":[{"name":"wp","href":"https:\/\/api.w.org\/{rel}","templated":true}]}}