{"id":6611,"date":"2024-07-19T13:55:53","date_gmt":"2024-07-19T20:55:53","guid":{"rendered":"https:\/\/elreporterodelacomunidad.com\/?p=6611"},"modified":"2024-07-19T13:55:54","modified_gmt":"2024-07-19T20:55:54","slug":"intenta-incendiar-carro-con-gasolina-y-lo-detienen","status":"publish","type":"post","link":"https:\/\/elreporterodelacomunidad.com\/index.php\/2024\/07\/19\/intenta-incendiar-carro-con-gasolina-y-lo-detienen\/","title":{"rendered":"Intenta incendiar carro con gasolina y lo detienen."},"content":{"rendered":"\n<p>Por el delito de da\u00f1os, en un veh\u00edculo, Jos\u00e9 Alberto \u201cN\u201d queda vinculado a proceso.<\/p>\n\n\n\n<p>Hermosillo, Sonora, 19 de julio de 2024.- Jos\u00e9 Alberto \u201cN\u201d, de 38 a\u00f1os, qued\u00f3 vinculado a proceso y en prisi\u00f3n preventiva tras los datos de prueba presentados por la Fiscal\u00eda General de Justicia del Estado de Sonora (FGJES), por su probable responsabilidad en el delito de da\u00f1os en un veh\u00edculo propiedad de Eva Magdalena \u201cN\u201d, de 37 a\u00f1os.<\/p>\n\n\n\n<p>En la carpeta de investigaci\u00f3n qued\u00f3 establecido que el imputado, el pasado 15 de julio, se encontraba en una gasolinera ubicada en bulevar Alicia Arellano y 5 de Mayo, en la colonia Centro, en la Comisar\u00eda Miguel Alem\u00e1n.<\/p>\n\n\n\n<p>En un momento dado, el sujeto tom\u00f3 una manguera despachadora de combustible y comenz\u00f3 a rociar gasolina tanto por dentro como por fuera de un veh\u00edculo Chevrolet Beat, de color azul, con la intenci\u00f3n de incendiarlo, esto caus\u00f3 da\u00f1os en el interior y en la pintura exterior de la unidad.<\/p>\n\n\n\n<p>La presencia de oficiales de Seguridad P\u00fablica Municipal evit\u00f3 mayores da\u00f1os. Adem\u00e1s, Jos\u00e9 Alberto \u201cN\u201d fue detenido y posteriormente puesto a disposici\u00f3n del agente del Ministerio P\u00fablico, quien judicializ\u00f3 el caso.<\/p>\n\n\n\n<p>La Fiscal\u00eda General de Justicia del Estado de Sonora (FGJES) reafirma su compromiso en el combate a los delitos patrimoniales, garantizando que los responsables de estos il\u00edcitos sean procesados conforme a la ley.<\/p>\n","protected":false},"excerpt":{"rendered":"<p>Por el delito de da\u00f1os, en un veh\u00edculo, Jos\u00e9 Alberto \u201cN\u201d queda vinculado a proceso. Hermosillo, Sonora, 19 de julio de 2024.- Jos\u00e9 Alberto \u201cN\u201d, de 38 a\u00f1os, qued\u00f3 vinculado a proceso y en prisi\u00f3n preventiva tras los datos de prueba presentados por la Fiscal\u00eda General de Justicia del Estado de Sonora (FGJES), por su [&hellip;]<\/p>\n","protected":false},"author":1,"featured_media":6612,"comment_status":"open","ping_status":"open","sticky":false,"template":"","format":"standard","meta":{"footnotes":""},"categories":[32,39],"tags":[],"class_list":["post-6611","post","type-post","status-publish","format-standard","has-post-thumbnail","hentry","category-policiaca","category-politica"],"_links":{"self":[{"href":"https:\/\/elreporterodelacomunidad.com\/index.php\/wp-json\/wp\/v2\/posts\/6611","targetHints":{"allow":["GET"]}}],"collection":[{"href":"https:\/\/elreporterodelacomunidad.com\/index.php\/wp-json\/wp\/v2\/posts"}],"about":[{"href":"https:\/\/elreporterodelacomunidad.com\/index.php\/wp-json\/wp\/v2\/types\/post"}],"author":[{"embeddable":true,"href":"https:\/\/elreporterodelacomunidad.com\/index.php\/wp-json\/wp\/v2\/users\/1"}],"replies":[{"embeddable":true,"href":"https:\/\/elreporterodelacomunidad.com\/index.php\/wp-json\/wp\/v2\/comments?post=6611"}],"version-history":[{"count":1,"href":"https:\/\/elreporterodelacomunidad.com\/index.php\/wp-json\/wp\/v2\/posts\/6611\/revisions"}],"predecessor-version":[{"id":6613,"href":"https:\/\/elreporterodelacomunidad.com\/index.php\/wp-json\/wp\/v2\/posts\/6611\/revisions\/6613"}],"wp:featuredmedia":[{"embeddable":true,"href":"https:\/\/elreporterodelacomunidad.com\/index.php\/wp-json\/wp\/v2\/media\/6612"}],"wp:attachment":[{"href":"https:\/\/elreporterodelacomunidad.com\/index.php\/wp-json\/wp\/v2\/media?parent=6611"}],"wp:term":[{"taxonomy":"category","embeddable":true,"href":"https:\/\/elreporterodelacomunidad.com\/index.php\/wp-json\/wp\/v2\/categories?post=6611"},{"taxonomy":"post_tag","embeddable":true,"href":"https:\/\/elreporterodelacomunidad.com\/index.php\/wp-json\/wp\/v2\/tags?post=6611"}],"curies":[{"name":"wp","href":"https:\/\/api.w.org\/{rel}","templated":true}]}}