{"id":6542,"date":"2024-07-18T13:19:22","date_gmt":"2024-07-18T20:19:22","guid":{"rendered":"https:\/\/elreporterodelacomunidad.com\/?p=6542"},"modified":"2024-07-18T13:19:24","modified_gmt":"2024-07-18T20:19:24","slug":"condena-de-20-anos-de-prision-para-violador-en-santa-ana","status":"publish","type":"post","link":"https:\/\/elreporterodelacomunidad.com\/index.php\/2024\/07\/18\/condena-de-20-anos-de-prision-para-violador-en-santa-ana\/","title":{"rendered":"Condena de 20 a\u00f1os de prisi\u00f3n para violador en Santa Ana."},"content":{"rendered":"\n<p>Santa Ana, Sonora, 18 de julio de 2024.- La Fiscal\u00eda General de Justicia del Estado de Sonora (FGJES), con pruebas obtenidas bajo una perspectiva de g\u00e9nero, obtuvo en Santa Ana una condena de 20 a\u00f1os de prisi\u00f3n para Miguel \u201cN\u201d por su responsabilidad probada en el delito de violaci\u00f3n en agravio de una adolescente de 17 a\u00f1os.<\/p>\n\n\n\n<p>Los hechos los cometi\u00f3 alrededor de las 17:00 horas del 19 de junio de 2023, el sujeto se encontraba en un domicilio ubicado en la Privada Santa Ana, en la localidad de Santa Ana Viejo, donde tambi\u00e9n estaba su v\u00edctima y a quien lleg\u00f3 a una de las habitaciones en contra su voluntad.<\/p>\n\n\n\n<p>En la habitaci\u00f3n atac\u00f3 a la menor, adem\u00e1s la amenaz\u00f3 de muerte a ella y a su familia si dec\u00eda algo de lo ocurrido, por lo que ella permaneci\u00f3 en silencio, hasta que el pasado 10 de agosto volvi\u00f3 a cometer el delito de violaci\u00f3n, lo que deriv\u00f3 un llamado de auxilio de la adolescente.<\/p>\n\n\n\n<p>Miguel \u201cN\u201d fue asegurado por elementos de Seguridad P\u00fablica Municipal de Santa Ana, quienes realizaron el Informe Policial Homologado (IPH) y pusieron al imputado a disposici\u00f3n del agente del Ministerio P\u00fablico, quien judicializ\u00f3 el caso y, posteriormente, la representaci\u00f3n social obtuvo la sentencia condenatoria<\/p>\n\n\n\n<p>De esta manera la Fiscal\u00eda General de Justicia del Estado de Sonora (FGJES) cumple con su objetivo de brindar a las v\u00edctimas del delito el acceso pleno a su derecho de acceder a la justicia, a la par con la b\u00fasqueda de penas acordes y ejemplares para delitos de g\u00e9nero, que ofenden profundamente a la sociedad.<\/p>\n","protected":false},"excerpt":{"rendered":"<p>Santa Ana, Sonora, 18 de julio de 2024.- La Fiscal\u00eda General de Justicia del Estado de Sonora (FGJES), con pruebas obtenidas bajo una perspectiva de g\u00e9nero, obtuvo en Santa Ana una condena de 20 a\u00f1os de prisi\u00f3n para Miguel \u201cN\u201d por su responsabilidad probada en el delito de violaci\u00f3n en agravio de una adolescente de [&hellip;]<\/p>\n","protected":false},"author":1,"featured_media":6543,"comment_status":"open","ping_status":"open","sticky":false,"template":"","format":"standard","meta":{"footnotes":""},"categories":[32,39],"tags":[],"class_list":["post-6542","post","type-post","status-publish","format-standard","has-post-thumbnail","hentry","category-policiaca","category-politica"],"_links":{"self":[{"href":"https:\/\/elreporterodelacomunidad.com\/index.php\/wp-json\/wp\/v2\/posts\/6542","targetHints":{"allow":["GET"]}}],"collection":[{"href":"https:\/\/elreporterodelacomunidad.com\/index.php\/wp-json\/wp\/v2\/posts"}],"about":[{"href":"https:\/\/elreporterodelacomunidad.com\/index.php\/wp-json\/wp\/v2\/types\/post"}],"author":[{"embeddable":true,"href":"https:\/\/elreporterodelacomunidad.com\/index.php\/wp-json\/wp\/v2\/users\/1"}],"replies":[{"embeddable":true,"href":"https:\/\/elreporterodelacomunidad.com\/index.php\/wp-json\/wp\/v2\/comments?post=6542"}],"version-history":[{"count":1,"href":"https:\/\/elreporterodelacomunidad.com\/index.php\/wp-json\/wp\/v2\/posts\/6542\/revisions"}],"predecessor-version":[{"id":6544,"href":"https:\/\/elreporterodelacomunidad.com\/index.php\/wp-json\/wp\/v2\/posts\/6542\/revisions\/6544"}],"wp:featuredmedia":[{"embeddable":true,"href":"https:\/\/elreporterodelacomunidad.com\/index.php\/wp-json\/wp\/v2\/media\/6543"}],"wp:attachment":[{"href":"https:\/\/elreporterodelacomunidad.com\/index.php\/wp-json\/wp\/v2\/media?parent=6542"}],"wp:term":[{"taxonomy":"category","embeddable":true,"href":"https:\/\/elreporterodelacomunidad.com\/index.php\/wp-json\/wp\/v2\/categories?post=6542"},{"taxonomy":"post_tag","embeddable":true,"href":"https:\/\/elreporterodelacomunidad.com\/index.php\/wp-json\/wp\/v2\/tags?post=6542"}],"curies":[{"name":"wp","href":"https:\/\/api.w.org\/{rel}","templated":true}]}}