{"id":6479,"date":"2024-07-16T19:47:38","date_gmt":"2024-07-17T02:47:38","guid":{"rendered":"https:\/\/elreporterodelacomunidad.com\/?p=6479"},"modified":"2024-07-16T19:47:41","modified_gmt":"2024-07-17T02:47:41","slug":"balacera-en-hermosillo-deja-dos-muertos-y-una-persona-herida","status":"publish","type":"post","link":"https:\/\/elreporterodelacomunidad.com\/index.php\/2024\/07\/16\/balacera-en-hermosillo-deja-dos-muertos-y-una-persona-herida\/","title":{"rendered":"Balacera en Hermosillo deja dos muertos y una persona herida."},"content":{"rendered":"\n<p>La Fiscal\u00eda General de Justicia del Estado de Sonora inform\u00f3 que est\u00e1 investigando los hechos ocurridos este 15 de julio, donde dos personas murieron.<\/p>\n\n\n\n<p>Hermosillo, Sonora a 16 de Julio del 2024.- Dos personas muertas y una m\u00e1s herida, fue el saldo que dej\u00f3 una balacera registrada la noche del pasado lunes en calles de la colonia Romanza Residencial, al norte de Hermosillo.<\/p>\n\n\n\n<p>La Fiscal\u00eda General de Justicia del Estado de Sonora inform\u00f3 que est\u00e1 investigando los hechos ocurridos este 15 de julio en dicho punto en, donde dos personas murieron por impacto de bala, pues se atacaron mutuamente con armas de fuego.<\/p>\n\n\n\n<p>Los hechos ocurrieron alrededor de las 20:38 horas fuera de una vivienda en Paseo Romanza y Retorno Navona, donde al lugar lleg\u00f3 un sujeto a bordo de un veh\u00edculo y comenz\u00f3 a disparar hacia el domicilio, el cual es presuntamente utilizado como punto de venta de droga.<\/p>\n\n\n\n<p>Los indicios preliminares establecen que desde el interior de la casa hubo detonaciones en respuesta del ataque armado, el cuales dej\u00f3 al ocupante del veh\u00edculo sin vida, as\u00ed como a otra persona dentro de la vivienda.<\/p>\n\n\n\n<p>Al respecto, la Fiscal\u00eda de Sonora afirm\u00f3 que seguir\u00e1 informando de manera oportuna sobre este tema de inter\u00e9s para la comunidad.<\/p>\n\n\n\n<p>Dos detenidos con arma larga y corta en Pueblitos<\/p>\n\n\n\n<p>M\u00e1s tarde, en la colonia Pueblitos, elementos de la Polic\u00eda Municipal lograron detener a dos sujetos sujetos en posesi\u00f3n de armas de fuego, de uso exclusivo del Ej\u00e9rcito.<\/p>\n\n\n\n<p>Nahum Valente &#8220;N&#8221; e Iv\u00e1n Manuel &#8220;N&#8221; de 24 y 31 a\u00f1os de edad, respectivamente, fueron asegurados a las 21:36 horas del pasado lunes.<\/p>\n\n\n\n<p>Ambos sujetos viajaban a exceso de velocidad por las calles Pueblo Nuevo y Pueblo Bajo a bordo de una vagoneta de color blanco, de la marca Jeep.<\/p>\n\n\n\n<p>Sin embargo, los sospechosos fueron interceptados por agentes municipales, quienes al acercarse se percataron que en el interior hab\u00eda dos armas de fuego.<\/p>\n\n\n\n<p>Se trataba de una pistola tipo escuadra de 9 mil\u00edmetros, un arma larga AK47 calibre 7.62, un arma corta r\u00e9plica de balines y una r\u00e9plica tipo M4 de balines.<\/p>\n\n\n\n<p>Mientras tanto, los detenidos y las armas incautadas quedaron a disposici\u00f3n de la autoridad investigadora.<\/p>\n","protected":false},"excerpt":{"rendered":"<p>La Fiscal\u00eda General de Justicia del Estado de Sonora inform\u00f3 que est\u00e1 investigando los hechos ocurridos este 15 de julio, donde dos personas murieron. Hermosillo, Sonora a 16 de Julio del 2024.- Dos personas muertas y una m\u00e1s herida, fue el saldo que dej\u00f3 una balacera registrada la noche del pasado lunes en calles de [&hellip;]<\/p>\n","protected":false},"author":1,"featured_media":6480,"comment_status":"open","ping_status":"open","sticky":false,"template":"","format":"standard","meta":{"footnotes":""},"categories":[32,39,26],"tags":[],"class_list":["post-6479","post","type-post","status-publish","format-standard","has-post-thumbnail","hentry","category-policiaca","category-politica","category-principal"],"_links":{"self":[{"href":"https:\/\/elreporterodelacomunidad.com\/index.php\/wp-json\/wp\/v2\/posts\/6479","targetHints":{"allow":["GET"]}}],"collection":[{"href":"https:\/\/elreporterodelacomunidad.com\/index.php\/wp-json\/wp\/v2\/posts"}],"about":[{"href":"https:\/\/elreporterodelacomunidad.com\/index.php\/wp-json\/wp\/v2\/types\/post"}],"author":[{"embeddable":true,"href":"https:\/\/elreporterodelacomunidad.com\/index.php\/wp-json\/wp\/v2\/users\/1"}],"replies":[{"embeddable":true,"href":"https:\/\/elreporterodelacomunidad.com\/index.php\/wp-json\/wp\/v2\/comments?post=6479"}],"version-history":[{"count":1,"href":"https:\/\/elreporterodelacomunidad.com\/index.php\/wp-json\/wp\/v2\/posts\/6479\/revisions"}],"predecessor-version":[{"id":6481,"href":"https:\/\/elreporterodelacomunidad.com\/index.php\/wp-json\/wp\/v2\/posts\/6479\/revisions\/6481"}],"wp:featuredmedia":[{"embeddable":true,"href":"https:\/\/elreporterodelacomunidad.com\/index.php\/wp-json\/wp\/v2\/media\/6480"}],"wp:attachment":[{"href":"https:\/\/elreporterodelacomunidad.com\/index.php\/wp-json\/wp\/v2\/media?parent=6479"}],"wp:term":[{"taxonomy":"category","embeddable":true,"href":"https:\/\/elreporterodelacomunidad.com\/index.php\/wp-json\/wp\/v2\/categories?post=6479"},{"taxonomy":"post_tag","embeddable":true,"href":"https:\/\/elreporterodelacomunidad.com\/index.php\/wp-json\/wp\/v2\/tags?post=6479"}],"curies":[{"name":"wp","href":"https:\/\/api.w.org\/{rel}","templated":true}]}}