{"id":6457,"date":"2024-07-16T15:44:01","date_gmt":"2024-07-16T22:44:01","guid":{"rendered":"https:\/\/elreporterodelacomunidad.com\/?p=6457"},"modified":"2024-07-16T15:45:29","modified_gmt":"2024-07-16T22:45:29","slug":"vinculado-a-proceso-conductor-que-ocasiono-volcadura-de-vehiculo-y-dejo-a-joven-sin-vida-y-a-otra-lesionada-en-hermosillo","status":"publish","type":"post","link":"https:\/\/elreporterodelacomunidad.com\/index.php\/2024\/07\/16\/vinculado-a-proceso-conductor-que-ocasiono-volcadura-de-vehiculo-y-dejo-a-joven-sin-vida-y-a-otra-lesionada-en-hermosillo\/","title":{"rendered":"Vinculado a proceso conductor que ocasion\u00f3 volcadura de veh\u00edculo y dej\u00f3 a joven sin vida y a otra lesionada en Hermosillo."},"content":{"rendered":"\n<p><strong>Hermosillo, Sonora, 16 de julio de 2024.-<\/strong>&nbsp;La Fiscal\u00eda General de Justicia del Estado de Sonora (FGJES) obtuvo la vinculaci\u00f3n a proceso y la prisi\u00f3n preventiva justificada para Jes\u00fas Daniel \u201cN\u201d, de 21 a\u00f1os, por el delito culposo con motivo del tr\u00e1nsito de veh\u00edculos, resultando en homicidio, lesiones que tardan m\u00e1s de 15 d\u00edas en sanar, y da\u00f1os, por el accidente vial registrado en Hermosillo en agravio a dos mujeres j\u00f3venes.<\/p>\n\n\n\n<p>Las investigaciones del caso, para integrar la respectiva carpeta, establecieron que cerca de las 04:00 horas el imputado conduc\u00eda de norte a sur por la carretera a La Colorado, a exceso de velocidad, un veh\u00edculo Chevrolet Trail Blazer, color gris, modelo 2004, en el cual viajaban las v\u00edctimas.<\/p>\n\n\n\n<p>Despu\u00e9s de pasar el acceso a la planta automotriz ubicada en el lugar, el sujeto perdi\u00f3 el control del veh\u00edculo. Recorri\u00f3 varios metros fuera de control, choc\u00f3 los neum\u00e1ticos contra el camell\u00f3n central de la carretera y finalmente impact\u00f3 contra un poste met\u00e1lico de alumbrado p\u00fablico, terminando volcado sobre el toldo del auto.<\/p>\n\n\n\n<p>Con el percance tipo volcamiento, caus\u00f3 diversas lesiones a Ashley Alexandra &#8220;N&#8221;, de 23 a\u00f1os, que le provocaron la muerte en el lugar. Valeria Yoselin &#8220;N&#8221;, de 20 a\u00f1os, result\u00f3 con varias heridas y fracturas que tardan m\u00e1s de 15 d\u00edas en sanar, dejando cicatrices notables o permanentes, as\u00ed como la disminuci\u00f3n de alguna funci\u00f3n org\u00e1nica o incapacidad permanente total o parcial de alg\u00fan \u00f3rgano.<\/p>\n\n\n\n<p>Jes\u00fas Daniel \u201cN\u201d fue asegurado por oficiales de Seguridad P\u00fablica Municipal y puesto a disposici\u00f3n del agente del Ministerio P\u00fablico, quien encabez\u00f3 los actos de investigaci\u00f3n. Entre estas acciones, se realizaron ex\u00e1menes de alcoholemia y toxicol\u00f3gico al imputado, resultando positivos, este \u00faltimo al narc\u00f3tico coca\u00edna.<\/p>\n","protected":false},"excerpt":{"rendered":"<p>Hermosillo, Sonora, 16 de julio de 2024.-&nbsp;La Fiscal\u00eda General de Justicia del Estado de Sonora (FGJES) obtuvo la vinculaci\u00f3n a proceso y la prisi\u00f3n preventiva justificada para Jes\u00fas Daniel \u201cN\u201d, de 21 a\u00f1os, por el delito culposo con motivo del tr\u00e1nsito de veh\u00edculos, resultando en homicidio, lesiones que tardan m\u00e1s de 15 d\u00edas en sanar, [&hellip;]<\/p>\n","protected":false},"author":1,"featured_media":6459,"comment_status":"open","ping_status":"open","sticky":false,"template":"","format":"standard","meta":{"footnotes":""},"categories":[32,39],"tags":[],"class_list":["post-6457","post","type-post","status-publish","format-standard","has-post-thumbnail","hentry","category-policiaca","category-politica"],"_links":{"self":[{"href":"https:\/\/elreporterodelacomunidad.com\/index.php\/wp-json\/wp\/v2\/posts\/6457","targetHints":{"allow":["GET"]}}],"collection":[{"href":"https:\/\/elreporterodelacomunidad.com\/index.php\/wp-json\/wp\/v2\/posts"}],"about":[{"href":"https:\/\/elreporterodelacomunidad.com\/index.php\/wp-json\/wp\/v2\/types\/post"}],"author":[{"embeddable":true,"href":"https:\/\/elreporterodelacomunidad.com\/index.php\/wp-json\/wp\/v2\/users\/1"}],"replies":[{"embeddable":true,"href":"https:\/\/elreporterodelacomunidad.com\/index.php\/wp-json\/wp\/v2\/comments?post=6457"}],"version-history":[{"count":1,"href":"https:\/\/elreporterodelacomunidad.com\/index.php\/wp-json\/wp\/v2\/posts\/6457\/revisions"}],"predecessor-version":[{"id":6458,"href":"https:\/\/elreporterodelacomunidad.com\/index.php\/wp-json\/wp\/v2\/posts\/6457\/revisions\/6458"}],"wp:featuredmedia":[{"embeddable":true,"href":"https:\/\/elreporterodelacomunidad.com\/index.php\/wp-json\/wp\/v2\/media\/6459"}],"wp:attachment":[{"href":"https:\/\/elreporterodelacomunidad.com\/index.php\/wp-json\/wp\/v2\/media?parent=6457"}],"wp:term":[{"taxonomy":"category","embeddable":true,"href":"https:\/\/elreporterodelacomunidad.com\/index.php\/wp-json\/wp\/v2\/categories?post=6457"},{"taxonomy":"post_tag","embeddable":true,"href":"https:\/\/elreporterodelacomunidad.com\/index.php\/wp-json\/wp\/v2\/tags?post=6457"}],"curies":[{"name":"wp","href":"https:\/\/api.w.org\/{rel}","templated":true}]}}