{"id":6454,"date":"2024-07-16T15:42:09","date_gmt":"2024-07-16T22:42:09","guid":{"rendered":"https:\/\/elreporterodelacomunidad.com\/?p=6454"},"modified":"2024-07-16T15:42:11","modified_gmt":"2024-07-16T22:42:11","slug":"manuel-y-o-emmanuel-n-queda-vinculado-a-proceso-por-exhibiciones-obscenas-contra-menores","status":"publish","type":"post","link":"https:\/\/elreporterodelacomunidad.com\/index.php\/2024\/07\/16\/manuel-y-o-emmanuel-n-queda-vinculado-a-proceso-por-exhibiciones-obscenas-contra-menores\/","title":{"rendered":"Manuel y\/o Emmanuel \u201cN\u201d queda vinculado a proceso por exhibiciones obscenas contra menores."},"content":{"rendered":"\n<p><strong>Hermosillo, Sonora, 16 de julio de 2024.-<\/strong>&nbsp;Manuel y\/o Emmanuel \u201cN\u201d, de 41 a\u00f1os, qued\u00f3 vinculado a proceso y se le decret\u00f3 la prisi\u00f3n preventiva justificada como medida cautelar ante los datos de prueba presentados por la Fiscal\u00eda General de Justicia del Estado de Sonora (FGJES) en la audiencia de control, por su probable responsabilidad en el delito de exhibiciones obscenas en agravio de dos ni\u00f1as.<\/p>\n\n\n\n<p>Los hechos imputados por el agente del Ministerio P\u00fablico, tras integrar la respectiva carpeta de investigaci\u00f3n con perspectiva de g\u00e9nero, ocurrieron cerca de las 22:30 horas del pasado 12 de julio en las inmediaciones de un parque p\u00fablico ubicado en la calle Perimetral Norte y Pe\u00f1a Flor, en la colonia La Cholla.<\/p>\n\n\n\n<p>Actos de investigaci\u00f3n establecieron que el sujeto mostr\u00f3 sus genitales a dos menores, de 10 y 8 a\u00f1os de edad respectivamente, al sorprenderlas mientras jugaban en el lugar; incluso, el imputado persigui\u00f3 a la ni\u00f1a m\u00e1s peque\u00f1a por el lugar hasta que intervinieron testigos que estaban en las cercan\u00edas.<\/p>\n\n\n\n<p>Con dicha acci\u00f3n se produjo una vulneraci\u00f3n al bien jur\u00eddico tutelado por la ley, que lo constituye la libertad sexual y desarrollo personal de las menores, por lo que Manuel y\/o Emmanuel \u201cN\u201d fue detenido en el lugar por oficiales de Seguridad P\u00fablica Municipal de Hermosillo que acudieron al llamado de auxilio.<\/p>\n\n\n\n<p>La Fiscal\u00eda General de Justicia del Estado de Sonora (FGJES) mantiene las investigaciones del caso para robustecer la carpeta de investigaci\u00f3n y llevar al imputado a los tribunales, con el fin de asegurar que se imponga una condena ejemplar conforme al Derecho Penal, en aras de garantizar la protecci\u00f3n y seguridad de ni\u00f1as, ni\u00f1os y adolescentes contra la violencia.<\/p>\n","protected":false},"excerpt":{"rendered":"<p>Hermosillo, Sonora, 16 de julio de 2024.-&nbsp;Manuel y\/o Emmanuel \u201cN\u201d, de 41 a\u00f1os, qued\u00f3 vinculado a proceso y se le decret\u00f3 la prisi\u00f3n preventiva justificada como medida cautelar ante los datos de prueba presentados por la Fiscal\u00eda General de Justicia del Estado de Sonora (FGJES) en la audiencia de control, por su probable responsabilidad en [&hellip;]<\/p>\n","protected":false},"author":1,"featured_media":6455,"comment_status":"open","ping_status":"open","sticky":false,"template":"","format":"standard","meta":{"footnotes":""},"categories":[32,39],"tags":[],"class_list":["post-6454","post","type-post","status-publish","format-standard","has-post-thumbnail","hentry","category-policiaca","category-politica"],"_links":{"self":[{"href":"https:\/\/elreporterodelacomunidad.com\/index.php\/wp-json\/wp\/v2\/posts\/6454","targetHints":{"allow":["GET"]}}],"collection":[{"href":"https:\/\/elreporterodelacomunidad.com\/index.php\/wp-json\/wp\/v2\/posts"}],"about":[{"href":"https:\/\/elreporterodelacomunidad.com\/index.php\/wp-json\/wp\/v2\/types\/post"}],"author":[{"embeddable":true,"href":"https:\/\/elreporterodelacomunidad.com\/index.php\/wp-json\/wp\/v2\/users\/1"}],"replies":[{"embeddable":true,"href":"https:\/\/elreporterodelacomunidad.com\/index.php\/wp-json\/wp\/v2\/comments?post=6454"}],"version-history":[{"count":1,"href":"https:\/\/elreporterodelacomunidad.com\/index.php\/wp-json\/wp\/v2\/posts\/6454\/revisions"}],"predecessor-version":[{"id":6456,"href":"https:\/\/elreporterodelacomunidad.com\/index.php\/wp-json\/wp\/v2\/posts\/6454\/revisions\/6456"}],"wp:featuredmedia":[{"embeddable":true,"href":"https:\/\/elreporterodelacomunidad.com\/index.php\/wp-json\/wp\/v2\/media\/6455"}],"wp:attachment":[{"href":"https:\/\/elreporterodelacomunidad.com\/index.php\/wp-json\/wp\/v2\/media?parent=6454"}],"wp:term":[{"taxonomy":"category","embeddable":true,"href":"https:\/\/elreporterodelacomunidad.com\/index.php\/wp-json\/wp\/v2\/categories?post=6454"},{"taxonomy":"post_tag","embeddable":true,"href":"https:\/\/elreporterodelacomunidad.com\/index.php\/wp-json\/wp\/v2\/tags?post=6454"}],"curies":[{"name":"wp","href":"https:\/\/api.w.org\/{rel}","templated":true}]}}