{"id":6451,"date":"2024-07-16T15:40:49","date_gmt":"2024-07-16T22:40:49","guid":{"rendered":"https:\/\/elreporterodelacomunidad.com\/?p=6451"},"modified":"2024-07-16T15:40:51","modified_gmt":"2024-07-16T22:40:51","slug":"mujer-vinculada-a-proceso-y-en-prision-por-violentar-a-su-madre-en-hermosillo","status":"publish","type":"post","link":"https:\/\/elreporterodelacomunidad.com\/index.php\/2024\/07\/16\/mujer-vinculada-a-proceso-y-en-prision-por-violentar-a-su-madre-en-hermosillo\/","title":{"rendered":"Mujer vinculada a proceso y en prisi\u00f3n por violentar a su madre en Hermosillo."},"content":{"rendered":"\n<p><strong>Hermosillo, Sonora, 16 de julio de 2024.-<\/strong>&nbsp;La Fiscal\u00eda General de Justicia del Estado de Sonora (FGJES), en su firme compromiso de garantizar a las mujeres una vida libre de violencia, obtuvo la vinculaci\u00f3n a proceso y la prisi\u00f3n preventiva como medida cautelar para Leida Berenice \u201cN\u201d, de 41 a\u00f1os, por su probable responsabilidad en el delito de violencia familiar agravada.<\/p>\n\n\n\n<p>Los hechos que se le imputaron, y que obran en la carpeta de investigaci\u00f3n, ocurrieron alrededor de las 10:30 horas del pasado 13 de julio, en el domicilio de su madre, Francisca &#8220;N&#8221;, de 64 a\u00f1os, ubicado en la colonia Las Minitas, en Hermosillo, donde la mujer lleg\u00f3 y golpe\u00f3 la puerta del inmueble con un tubo met\u00e1lico.<\/p>\n\n\n\n<p>La imputada lanz\u00f3 improperios contra la se\u00f1ora, a quien amenaz\u00f3 con matarla en repetidas ocasiones. Incluso le grit\u00f3 que llevar\u00eda &#8220;a la mafia&#8221; para quemar la casa con ella adentro; adem\u00e1s, continu\u00f3 por varios minutos golpeando la puerta y las ventanas del inmueble con el objeto met\u00e1lico que portaba.<\/p>\n\n\n\n<p>Leida Berenice \u201cN\u201d fue detenida en el lugar por oficiales de Seguridad P\u00fablica Municipal de Hermosillo, tras una llamada al n\u00famero 911 de emergencias, quienes la pusieron a disposici\u00f3n del agente del Ministerio P\u00fablico y quien judicializ\u00f3 el caso el encabezar diversos actos de investigaci\u00f3n.<\/p>\n\n\n\n<p>La Fiscal\u00eda General de Justicia del Estado de Sonora (FGJES), con resultados como este, refuerza su compromiso con el acceso a la justicia para las v\u00edctimas y con el derecho de las mujeres a vivir libres de violencia, especialmente dentro del entorno familiar.<\/p>\n","protected":false},"excerpt":{"rendered":"<p>Hermosillo, Sonora, 16 de julio de 2024.-&nbsp;La Fiscal\u00eda General de Justicia del Estado de Sonora (FGJES), en su firme compromiso de garantizar a las mujeres una vida libre de violencia, obtuvo la vinculaci\u00f3n a proceso y la prisi\u00f3n preventiva como medida cautelar para Leida Berenice \u201cN\u201d, de 41 a\u00f1os, por su probable responsabilidad en el [&hellip;]<\/p>\n","protected":false},"author":1,"featured_media":6452,"comment_status":"open","ping_status":"open","sticky":false,"template":"","format":"standard","meta":{"footnotes":""},"categories":[32,39],"tags":[],"class_list":["post-6451","post","type-post","status-publish","format-standard","has-post-thumbnail","hentry","category-policiaca","category-politica"],"_links":{"self":[{"href":"https:\/\/elreporterodelacomunidad.com\/index.php\/wp-json\/wp\/v2\/posts\/6451","targetHints":{"allow":["GET"]}}],"collection":[{"href":"https:\/\/elreporterodelacomunidad.com\/index.php\/wp-json\/wp\/v2\/posts"}],"about":[{"href":"https:\/\/elreporterodelacomunidad.com\/index.php\/wp-json\/wp\/v2\/types\/post"}],"author":[{"embeddable":true,"href":"https:\/\/elreporterodelacomunidad.com\/index.php\/wp-json\/wp\/v2\/users\/1"}],"replies":[{"embeddable":true,"href":"https:\/\/elreporterodelacomunidad.com\/index.php\/wp-json\/wp\/v2\/comments?post=6451"}],"version-history":[{"count":1,"href":"https:\/\/elreporterodelacomunidad.com\/index.php\/wp-json\/wp\/v2\/posts\/6451\/revisions"}],"predecessor-version":[{"id":6453,"href":"https:\/\/elreporterodelacomunidad.com\/index.php\/wp-json\/wp\/v2\/posts\/6451\/revisions\/6453"}],"wp:featuredmedia":[{"embeddable":true,"href":"https:\/\/elreporterodelacomunidad.com\/index.php\/wp-json\/wp\/v2\/media\/6452"}],"wp:attachment":[{"href":"https:\/\/elreporterodelacomunidad.com\/index.php\/wp-json\/wp\/v2\/media?parent=6451"}],"wp:term":[{"taxonomy":"category","embeddable":true,"href":"https:\/\/elreporterodelacomunidad.com\/index.php\/wp-json\/wp\/v2\/categories?post=6451"},{"taxonomy":"post_tag","embeddable":true,"href":"https:\/\/elreporterodelacomunidad.com\/index.php\/wp-json\/wp\/v2\/tags?post=6451"}],"curies":[{"name":"wp","href":"https:\/\/api.w.org\/{rel}","templated":true}]}}