{"id":6430,"date":"2024-07-15T17:09:45","date_gmt":"2024-07-16T00:09:45","guid":{"rendered":"https:\/\/elreporterodelacomunidad.com\/?p=6430"},"modified":"2024-07-15T17:09:47","modified_gmt":"2024-07-16T00:09:47","slug":"vinculado-a-proceso-adulto-mayor-por-abuso-sexual-en-navojoa","status":"publish","type":"post","link":"https:\/\/elreporterodelacomunidad.com\/index.php\/2024\/07\/15\/vinculado-a-proceso-adulto-mayor-por-abuso-sexual-en-navojoa\/","title":{"rendered":"Vinculado a proceso adulto mayor por abuso sexual en Navojoa."},"content":{"rendered":"\n<p><\/p>\n\n\n\n<p><strong>Navojoa, Sonora, 15 de julio de 2024.-<\/strong>&nbsp;Ram\u00f3n \u201cN\u201d, de 87 a\u00f1os, qued\u00f3 vinculado a proceso por la probable comisi\u00f3n del delito de abuso sexual agravado en agravio una ni\u00f1a de 9 a\u00f1os suscitado el pasado 15 de abril en Navojoa, que fue investigado por la Fiscal\u00eda General de Justicia del Estado de Sonora (FGJES) con perspectiva de g\u00e9nero.<\/p>\n\n\n\n<p>En la respectiva carpeta de investigaci\u00f3n se determin\u00f3 que el pasado 15 de abril, el imputado presuntamente aprovech\u00f3 la confianza que ten\u00eda con la v\u00edctima, debido a sus lazos consangu\u00edneos, para cometer tocamientos a la menor en un domicilio ubicado en la colonia Tierra Blanca.<\/p>\n\n\n\n<p>Como consecuencia de lo anterior, se recibi\u00f3 la denuncia correspondiente, lo cual llev\u00f3 a cabo diversos actos de investigaci\u00f3n que fueron presentados ante un juez, quien otorg\u00f3 una orden de aprehensi\u00f3n, la cual fue ejecutada por elementos de la Agencia Ministerial de Investigaci\u00f3n Criminal (AMIC).<\/p>\n\n\n\n<p>La v\u00edctima recibi\u00f3 acompa\u00f1amiento psicol\u00f3gico por parte del personal del Centro de Atenci\u00f3n a V\u00edctimas del Delito (CAVID), mientras que Ram\u00f3n &#8220;N&#8221; fue ingresado en el Centro de Reinserci\u00f3n Social (CERESO) a la espera de las audiencias del juicio.<\/p>\n\n\n\n<p>La Fiscal\u00eda General de Justicia del Estado de Sonora (FGJES) reafirma su compromiso con la sociedad en general de investigar y garantizar que aquellos que pongan en riesgo la seguridad de ni\u00f1as, ni\u00f1os y adolescentes enfrenten las consecuencias legales correspondientes con plena rigurosidad.<\/p>\n","protected":false},"excerpt":{"rendered":"<p>Navojoa, Sonora, 15 de julio de 2024.-&nbsp;Ram\u00f3n \u201cN\u201d, de 87 a\u00f1os, qued\u00f3 vinculado a proceso por la probable comisi\u00f3n del delito de abuso sexual agravado en agravio una ni\u00f1a de 9 a\u00f1os suscitado el pasado 15 de abril en Navojoa, que fue investigado por la Fiscal\u00eda General de Justicia del Estado de Sonora (FGJES) con [&hellip;]<\/p>\n","protected":false},"author":1,"featured_media":6431,"comment_status":"open","ping_status":"open","sticky":false,"template":"","format":"standard","meta":{"footnotes":""},"categories":[32,39],"tags":[],"class_list":["post-6430","post","type-post","status-publish","format-standard","has-post-thumbnail","hentry","category-policiaca","category-politica"],"_links":{"self":[{"href":"https:\/\/elreporterodelacomunidad.com\/index.php\/wp-json\/wp\/v2\/posts\/6430","targetHints":{"allow":["GET"]}}],"collection":[{"href":"https:\/\/elreporterodelacomunidad.com\/index.php\/wp-json\/wp\/v2\/posts"}],"about":[{"href":"https:\/\/elreporterodelacomunidad.com\/index.php\/wp-json\/wp\/v2\/types\/post"}],"author":[{"embeddable":true,"href":"https:\/\/elreporterodelacomunidad.com\/index.php\/wp-json\/wp\/v2\/users\/1"}],"replies":[{"embeddable":true,"href":"https:\/\/elreporterodelacomunidad.com\/index.php\/wp-json\/wp\/v2\/comments?post=6430"}],"version-history":[{"count":1,"href":"https:\/\/elreporterodelacomunidad.com\/index.php\/wp-json\/wp\/v2\/posts\/6430\/revisions"}],"predecessor-version":[{"id":6432,"href":"https:\/\/elreporterodelacomunidad.com\/index.php\/wp-json\/wp\/v2\/posts\/6430\/revisions\/6432"}],"wp:featuredmedia":[{"embeddable":true,"href":"https:\/\/elreporterodelacomunidad.com\/index.php\/wp-json\/wp\/v2\/media\/6431"}],"wp:attachment":[{"href":"https:\/\/elreporterodelacomunidad.com\/index.php\/wp-json\/wp\/v2\/media?parent=6430"}],"wp:term":[{"taxonomy":"category","embeddable":true,"href":"https:\/\/elreporterodelacomunidad.com\/index.php\/wp-json\/wp\/v2\/categories?post=6430"},{"taxonomy":"post_tag","embeddable":true,"href":"https:\/\/elreporterodelacomunidad.com\/index.php\/wp-json\/wp\/v2\/tags?post=6430"}],"curies":[{"name":"wp","href":"https:\/\/api.w.org\/{rel}","templated":true}]}}