{"id":6412,"date":"2024-07-14T19:26:24","date_gmt":"2024-07-15T02:26:24","guid":{"rendered":"https:\/\/elreporterodelacomunidad.com\/?p=6412"},"modified":"2024-07-14T19:26:26","modified_gmt":"2024-07-15T02:26:26","slug":"accidente-automovilistico-deja-a-una-mujer-sin-vida-al-sur-de-hermosillo","status":"publish","type":"post","link":"https:\/\/elreporterodelacomunidad.com\/index.php\/2024\/07\/14\/accidente-automovilistico-deja-a-una-mujer-sin-vida-al-sur-de-hermosillo\/","title":{"rendered":"Accidente automovil\u00edstico deja a una mujer sin vida al sur de Hermosillo."},"content":{"rendered":"\n<p>De acuerdo con informaci\u00f3n proporcionada por autoridades de seguridad, el percance tuvo lugar en la carretera a La Colorada casi frente a la Planta Ford.<\/p>\n\n\n\n<p>Hermosillo, Sonora a 14 de Julio del 2024.- Saldo de una persona sin vida y una lesionada dej\u00f3 un accidente automovil\u00edstico registrado durante las primeras horas de este domingo 14 de julio en el sur de Hermosillo.<\/p>\n\n\n\n<p>De acuerdo con informaci\u00f3n proporcionada por autoridades de seguridad, el percance tuvo lugar en la carretera a La Colorada casi frente a la Planta Ford alrededor de las 3:55 horas.<\/p>\n\n\n\n<p>El reporte establece que un veh\u00edculo de la marca Chevrolet, Trail Blazer gris se impact\u00f3 contra un poste de alumbrado p\u00fablico, el cual fue derribado debido a la velocidad con la que era conducido el autom\u00f3vil.<\/p>\n\n\n\n<p>Posteriormente se dio el volcamiento del auto, donde sus dos tripulantes, una persona de la que no se han dado a conocer m\u00e1s detalles, present\u00f3 serias lesiones, mientras que trascendi\u00f3 que una mujer falleci\u00f3 en el lugar.<\/p>\n\n\n\n<p>Hasta ese punto se trasladaron cuerpos de emergencia para atender la situaci\u00f3n, adem\u00e1s de Servicios Periciales para el levantamiento del cuerpo de la difunta.<\/p>\n\n\n\n<p>Se registra otro choque en puente<\/p>\n\n\n\n<p>Por otro lado, durante la tarde noche del s\u00e1bado tambi\u00e9n se registr\u00f3 un accidente vehicular, donde un autom\u00f3vil Nissan Versa de color blanco se impact\u00f3 contra el barandal del puente de Luis Encinas y bulevar Rodr\u00edguez.<\/p>\n\n\n\n<p>Al sitio acudieron elementos de la Polic\u00eda Municipal de Tr\u00e1nsito para atender la situaci\u00f3n, donde no se presentaron personas lesionadas, y s\u00f3lo da\u00f1os materiales, por lo que se tuvo que cerrar el tr\u00e1nsito por el puente durante varios minutos.<\/p>\n\n\n\n<p>Cabe recordar que, fue el pasado 14 de abril cuando una unidad del transporte urbano de la ciudad tambi\u00e9n se impact\u00f3 contra el barandal del puente, presuntamente por conducir a exceso de velocidad, aunque no se registraron personas lesionadas luego del choque.<\/p>\n\n\n\n<p>Debido al da\u00f1o que caus\u00f3 la unidad en ese momento, el acceso al puente estuvo cerrado durante varias semanas, en lo que se realizan los trabajos de reparaci\u00f3n.<\/p>\n","protected":false},"excerpt":{"rendered":"<p>De acuerdo con informaci\u00f3n proporcionada por autoridades de seguridad, el percance tuvo lugar en la carretera a La Colorada casi frente a la Planta Ford. Hermosillo, Sonora a 14 de Julio del 2024.- Saldo de una persona sin vida y una lesionada dej\u00f3 un accidente automovil\u00edstico registrado durante las primeras horas de este domingo 14 [&hellip;]<\/p>\n","protected":false},"author":1,"featured_media":6413,"comment_status":"open","ping_status":"open","sticky":false,"template":"","format":"standard","meta":{"footnotes":""},"categories":[32,39],"tags":[],"class_list":["post-6412","post","type-post","status-publish","format-standard","has-post-thumbnail","hentry","category-policiaca","category-politica"],"_links":{"self":[{"href":"https:\/\/elreporterodelacomunidad.com\/index.php\/wp-json\/wp\/v2\/posts\/6412","targetHints":{"allow":["GET"]}}],"collection":[{"href":"https:\/\/elreporterodelacomunidad.com\/index.php\/wp-json\/wp\/v2\/posts"}],"about":[{"href":"https:\/\/elreporterodelacomunidad.com\/index.php\/wp-json\/wp\/v2\/types\/post"}],"author":[{"embeddable":true,"href":"https:\/\/elreporterodelacomunidad.com\/index.php\/wp-json\/wp\/v2\/users\/1"}],"replies":[{"embeddable":true,"href":"https:\/\/elreporterodelacomunidad.com\/index.php\/wp-json\/wp\/v2\/comments?post=6412"}],"version-history":[{"count":1,"href":"https:\/\/elreporterodelacomunidad.com\/index.php\/wp-json\/wp\/v2\/posts\/6412\/revisions"}],"predecessor-version":[{"id":6414,"href":"https:\/\/elreporterodelacomunidad.com\/index.php\/wp-json\/wp\/v2\/posts\/6412\/revisions\/6414"}],"wp:featuredmedia":[{"embeddable":true,"href":"https:\/\/elreporterodelacomunidad.com\/index.php\/wp-json\/wp\/v2\/media\/6413"}],"wp:attachment":[{"href":"https:\/\/elreporterodelacomunidad.com\/index.php\/wp-json\/wp\/v2\/media?parent=6412"}],"wp:term":[{"taxonomy":"category","embeddable":true,"href":"https:\/\/elreporterodelacomunidad.com\/index.php\/wp-json\/wp\/v2\/categories?post=6412"},{"taxonomy":"post_tag","embeddable":true,"href":"https:\/\/elreporterodelacomunidad.com\/index.php\/wp-json\/wp\/v2\/tags?post=6412"}],"curies":[{"name":"wp","href":"https:\/\/api.w.org\/{rel}","templated":true}]}}