{"id":6377,"date":"2024-07-13T18:39:18","date_gmt":"2024-07-14T01:39:18","guid":{"rendered":"https:\/\/elreporterodelacomunidad.com\/?p=6377"},"modified":"2024-07-13T18:39:20","modified_gmt":"2024-07-14T01:39:20","slug":"pasara-8-anos-en-prision-por-robo-de-vehiculo-sujeto-que-provoco-accidente-en-hermosillo","status":"publish","type":"post","link":"https:\/\/elreporterodelacomunidad.com\/index.php\/2024\/07\/13\/pasara-8-anos-en-prision-por-robo-de-vehiculo-sujeto-que-provoco-accidente-en-hermosillo\/","title":{"rendered":"Pasar\u00e1 8 a\u00f1os en prisi\u00f3n por robo de veh\u00edculo sujeto que provoc\u00f3 accidente en Hermosillo."},"content":{"rendered":"\n<p id=\"geom_inter_1720921022846_36_3\">En el percance muri\u00f3 una joven y quedaron varios heridos, llegando las v\u00edctimas a un acuerdo reparatorio del da\u00f1o y otras otorgaron el perd\u00f3n al responsable.<\/p>\n\n\n\n<p id=\"geom_inter_1720921022848_51_10\"><strong>Hermosillo, Sonora, 13 de julio de 2024.-<\/strong>\u00a0Por el delito de robo de veh\u00edculo, la Fiscal\u00eda General de Justicia del Estado de Sonora (FGJES) obtuvo una condena de 8 a\u00f1os de prisi\u00f3n, en procedimiento abreviado, para Yonatan Antonio \u201cN\u201d, de 23 a\u00f1os; adem\u00e1s, el responsable lleg\u00f3 a un acuerdo reparatorio con la familia de una joven que falleci\u00f3 y con personas heridas que dej\u00f3 tras un choque que ocasion\u00f3 el pasado 9 de octubre del 2023.<\/p>\n\n\n\n<p>Con s\u00f3lidas pruebas recabadas durante el proceso, se acredit\u00f3 que, el d\u00eda se\u00f1alado, el ahora condenado conduc\u00eda a exceso de velocidad un veh\u00edculo Peugeot, cuatro puertas, color blanco, por el bulevar Vild\u00f3sola, en Hermosillo, Sonora.<\/p>\n\n\n\n<p id=\"geom_inter_1720921030817_59_20\">Al llegar al sem\u00e1foro ubicado en la calle Jes\u00fas Luj\u00e1n, en la colonia Pedregal de la Villa, impact\u00f3 por alcance a un auto Honda Acura, cuatro puertas, color gris, que estaba detenido en alto reglamentario.<\/p>\n\n\n\n<p id=\"geom_inter_1720921030817_53_22\">A consecuencia del fuerte impacto, Mara Thail\u00ed \u201cN\u201d, de 21 a\u00f1os, quien iba en el asiento del copiloto con el responsable, muri\u00f3 en el lugar; adem\u00e1s, sus acompa\u00f1antes, Brisa Marlene \u201cN\u201d, de 19 a\u00f1os, y Dulce Gabriela \u201cN\u201d, de 18 a\u00f1os, resultaron con lesiones que tardaron menos de 15 d\u00edas en sanar. Ellas otorgaron el perd\u00f3n al conductor durante el juicio.<\/p>\n\n\n\n<p>Linda Verania \u201cN\u201d, de 23 a\u00f1os, y Guadalupe Irene \u201cN\u201d, de 40 a\u00f1os, viajaban en el Honda Acura y resultaron con lesiones que tardaron m\u00e1s de 15 d\u00edas en sanar, tambi\u00e9n sufrieron da\u00f1os en su veh\u00edculo, por lo que llegaron a un acuerdo reparatorio.<\/p>\n\n\n\n<p id=\"geom_inter_1720921032813_56_28\">Despu\u00e9s del choque, Yonatan Antonio \u201cN\u201d huy\u00f3 del lugar tras apoderarse de un veh\u00edculo Chevrolet Spark, color blanco, sin la autorizaci\u00f3n de su conductor, Al\u00e1n Francisco \u201cN\u201d, a quien tambi\u00e9n le provoc\u00f3 lesiones que tardaron m\u00e1s de 15 d\u00edas en sanar.<\/p>\n\n\n\n<p id=\"geom_inter_1720921031822_88_26\">El sujeto permaneci\u00f3 pr\u00f3fugo por varios d\u00edas hasta que, el 11 de octubre de 2023, fue capturado por elementos de la Agencia Ministerial de Investigaci\u00f3n Criminal (AMIC), con base en una orden de aprehensi\u00f3n.<\/p>\n\n\n\n<p id=\"geom_inter_1720921032813_1_29\">Esto deriv\u00f3 en un juicio por diversos delitos, como robo de veh\u00edculo, homicidio culposo, lesiones culposas que tardan menos de 15 d\u00edas en sanar, lesiones culposas que tardan m\u00e1s de 15 d\u00edas en sanar y abandono de personas, llevando la Fiscal\u00eda General de Justicia del Estado de Sonora (FGJES) al sujeto ante los tribunales donde se brind\u00f3 justicia a las v\u00edctimas.<\/p>\n","protected":false},"excerpt":{"rendered":"<p>En el percance muri\u00f3 una joven y quedaron varios heridos, llegando las v\u00edctimas a un acuerdo reparatorio del da\u00f1o y otras otorgaron el perd\u00f3n al responsable. Hermosillo, Sonora, 13 de julio de 2024.-\u00a0Por el delito de robo de veh\u00edculo, la Fiscal\u00eda General de Justicia del Estado de Sonora (FGJES) obtuvo una condena de 8 a\u00f1os [&hellip;]<\/p>\n","protected":false},"author":1,"featured_media":6378,"comment_status":"open","ping_status":"open","sticky":false,"template":"","format":"standard","meta":{"footnotes":""},"categories":[32,26],"tags":[],"class_list":["post-6377","post","type-post","status-publish","format-standard","has-post-thumbnail","hentry","category-policiaca","category-principal"],"_links":{"self":[{"href":"https:\/\/elreporterodelacomunidad.com\/index.php\/wp-json\/wp\/v2\/posts\/6377","targetHints":{"allow":["GET"]}}],"collection":[{"href":"https:\/\/elreporterodelacomunidad.com\/index.php\/wp-json\/wp\/v2\/posts"}],"about":[{"href":"https:\/\/elreporterodelacomunidad.com\/index.php\/wp-json\/wp\/v2\/types\/post"}],"author":[{"embeddable":true,"href":"https:\/\/elreporterodelacomunidad.com\/index.php\/wp-json\/wp\/v2\/users\/1"}],"replies":[{"embeddable":true,"href":"https:\/\/elreporterodelacomunidad.com\/index.php\/wp-json\/wp\/v2\/comments?post=6377"}],"version-history":[{"count":1,"href":"https:\/\/elreporterodelacomunidad.com\/index.php\/wp-json\/wp\/v2\/posts\/6377\/revisions"}],"predecessor-version":[{"id":6379,"href":"https:\/\/elreporterodelacomunidad.com\/index.php\/wp-json\/wp\/v2\/posts\/6377\/revisions\/6379"}],"wp:featuredmedia":[{"embeddable":true,"href":"https:\/\/elreporterodelacomunidad.com\/index.php\/wp-json\/wp\/v2\/media\/6378"}],"wp:attachment":[{"href":"https:\/\/elreporterodelacomunidad.com\/index.php\/wp-json\/wp\/v2\/media?parent=6377"}],"wp:term":[{"taxonomy":"category","embeddable":true,"href":"https:\/\/elreporterodelacomunidad.com\/index.php\/wp-json\/wp\/v2\/categories?post=6377"},{"taxonomy":"post_tag","embeddable":true,"href":"https:\/\/elreporterodelacomunidad.com\/index.php\/wp-json\/wp\/v2\/tags?post=6377"}],"curies":[{"name":"wp","href":"https:\/\/api.w.org\/{rel}","templated":true}]}}