{"id":6368,"date":"2024-07-13T18:17:13","date_gmt":"2024-07-14T01:17:13","guid":{"rendered":"https:\/\/elreporterodelacomunidad.com\/?p=6368"},"modified":"2024-07-13T18:17:15","modified_gmt":"2024-07-14T01:17:15","slug":"captura-amic-a-probable-agresor-sexual-de-una-menor","status":"publish","type":"post","link":"https:\/\/elreporterodelacomunidad.com\/index.php\/2024\/07\/13\/captura-amic-a-probable-agresor-sexual-de-una-menor\/","title":{"rendered":"Captura AMIC a probable agresor sexual de una menor."},"content":{"rendered":"\n<p><\/p>\n\n\n\n<p><strong>Nogales, Sonora, 13 de julio de 2024.-<\/strong>&nbsp;Elementos de la Agencia Ministerial de Investigaci\u00f3n Criminal (AMIC) capturaron a Jes\u00fas Agust\u00edn \u201cN\u201d, de 43 a\u00f1os de edad, por su probable responsabilidad por el delito de abuso sexual cometido en perjuicio de una menor de 9 a\u00f1os de edad de identidad reservada.<\/p>\n\n\n\n<p>La detenci\u00f3n se realiz\u00f3 en un domicilio de la colonia Infonavit 5 de Mayo en Nogales, Sonora, en atenci\u00f3n a un reporte hecho al n\u00famero de emergencias por la madre de la v\u00edctima, misma con la que los agentes se entrevistaron en el sitio.<\/p>\n\n\n\n<p>La mujer explic\u00f3 que momentos antes, sorprendi\u00f3 a su hermano tocando las partes \u00edntimas de su hija, esto mientras la menor dorm\u00eda en una habitaci\u00f3n de la vivienda, por lo que de inmediato la llevaron a otra rec\u00e1mara y al preguntarle sobre los hechos, la menor confirm\u00f3 que no era la primera vez que su t\u00edo lo hac\u00eda.<\/p>\n\n\n\n<p>Ante esto, los elementos ministeriales procedieron a la detenci\u00f3n del sujeto, quien fue turnado a la agencia del Ministerio P\u00fablico a fin de que se d\u00e9 inicio con las audiencias que la ley demanda, se formule la debida imputaci\u00f3n y se vincule a proceso al se\u00f1alado.<\/p>\n","protected":false},"excerpt":{"rendered":"<p>Nogales, Sonora, 13 de julio de 2024.-&nbsp;Elementos de la Agencia Ministerial de Investigaci\u00f3n Criminal (AMIC) capturaron a Jes\u00fas Agust\u00edn \u201cN\u201d, de 43 a\u00f1os de edad, por su probable responsabilidad por el delito de abuso sexual cometido en perjuicio de una menor de 9 a\u00f1os de edad de identidad reservada. La detenci\u00f3n se realiz\u00f3 en un [&hellip;]<\/p>\n","protected":false},"author":1,"featured_media":6369,"comment_status":"open","ping_status":"open","sticky":false,"template":"","format":"standard","meta":{"footnotes":""},"categories":[32,39],"tags":[],"class_list":["post-6368","post","type-post","status-publish","format-standard","has-post-thumbnail","hentry","category-policiaca","category-politica"],"_links":{"self":[{"href":"https:\/\/elreporterodelacomunidad.com\/index.php\/wp-json\/wp\/v2\/posts\/6368","targetHints":{"allow":["GET"]}}],"collection":[{"href":"https:\/\/elreporterodelacomunidad.com\/index.php\/wp-json\/wp\/v2\/posts"}],"about":[{"href":"https:\/\/elreporterodelacomunidad.com\/index.php\/wp-json\/wp\/v2\/types\/post"}],"author":[{"embeddable":true,"href":"https:\/\/elreporterodelacomunidad.com\/index.php\/wp-json\/wp\/v2\/users\/1"}],"replies":[{"embeddable":true,"href":"https:\/\/elreporterodelacomunidad.com\/index.php\/wp-json\/wp\/v2\/comments?post=6368"}],"version-history":[{"count":1,"href":"https:\/\/elreporterodelacomunidad.com\/index.php\/wp-json\/wp\/v2\/posts\/6368\/revisions"}],"predecessor-version":[{"id":6370,"href":"https:\/\/elreporterodelacomunidad.com\/index.php\/wp-json\/wp\/v2\/posts\/6368\/revisions\/6370"}],"wp:featuredmedia":[{"embeddable":true,"href":"https:\/\/elreporterodelacomunidad.com\/index.php\/wp-json\/wp\/v2\/media\/6369"}],"wp:attachment":[{"href":"https:\/\/elreporterodelacomunidad.com\/index.php\/wp-json\/wp\/v2\/media?parent=6368"}],"wp:term":[{"taxonomy":"category","embeddable":true,"href":"https:\/\/elreporterodelacomunidad.com\/index.php\/wp-json\/wp\/v2\/categories?post=6368"},{"taxonomy":"post_tag","embeddable":true,"href":"https:\/\/elreporterodelacomunidad.com\/index.php\/wp-json\/wp\/v2\/tags?post=6368"}],"curies":[{"name":"wp","href":"https:\/\/api.w.org\/{rel}","templated":true}]}}