{"id":6337,"date":"2024-07-12T17:44:46","date_gmt":"2024-07-13T00:44:46","guid":{"rendered":"https:\/\/elreporterodelacomunidad.com\/?p=6337"},"modified":"2024-07-12T17:44:48","modified_gmt":"2024-07-13T00:44:48","slug":"entrega-fgjes-a-sergio-daniel-n-a-autoridades-de-baja-california","status":"publish","type":"post","link":"https:\/\/elreporterodelacomunidad.com\/index.php\/2024\/07\/12\/entrega-fgjes-a-sergio-daniel-n-a-autoridades-de-baja-california\/","title":{"rendered":"Entrega FGJES a Sergio Daniel \u201cN\u201d a autoridades de Baja California"},"content":{"rendered":"\n<p><\/p>\n\n\n\n<p><strong>Hermosillo, Sonora, 12 de julio de 2024.-<\/strong>&nbsp;Autoridades de la Fiscal\u00eda General de Justicia del Estado de Sonora (FGJES) y la Agencia Ministerial de Investigaci\u00f3n Criminal (AMIC) hicieron entrega de Sergio Daniel \u201cN\u201d, de 24 a\u00f1os de edad, a autoridades del Estado de Baja California, como parte del convenio de colaboraci\u00f3n entre esta representaci\u00f3n social y la Fiscal\u00eda General de dicha entidad.<\/p>\n\n\n\n<p>Tras su detenci\u00f3n, derivado de su presentaci\u00f3n, luego de un proceso de negociaci\u00f3n entre \u00e9l, familiares y las autoridades de AMIC y FGJES, en Ciudad Obreg\u00f3n, municipio de Cajeme, Sonora, el se\u00f1alado fue trasladado a la capital sonorense bajo custodia de agentes ministeriales.<\/p>\n\n\n\n<p>Posteriormente se le traslad\u00f3 v\u00eda a\u00e9rea a la ciudad de Mexicali, donde fue puesto a disposici\u00f3n de la Agencia Estatal de Investigaciones (AEI) en Baja California, donde deber\u00e1 presentarse ante las autoridades.<\/p>\n\n\n\n<p>La Fiscal\u00eda General de Justicia del Estado de Sonora (FGJES) mantiene una estrecha colaboraci\u00f3n con sus hom\u00f3logas a nivel nacional, a fin de garantizar que ning\u00fan probable responsable evada la acci\u00f3n de la justicia.<\/p>\n","protected":false},"excerpt":{"rendered":"<p>Hermosillo, Sonora, 12 de julio de 2024.-&nbsp;Autoridades de la Fiscal\u00eda General de Justicia del Estado de Sonora (FGJES) y la Agencia Ministerial de Investigaci\u00f3n Criminal (AMIC) hicieron entrega de Sergio Daniel \u201cN\u201d, de 24 a\u00f1os de edad, a autoridades del Estado de Baja California, como parte del convenio de colaboraci\u00f3n entre esta representaci\u00f3n social y [&hellip;]<\/p>\n","protected":false},"author":1,"featured_media":6338,"comment_status":"open","ping_status":"open","sticky":false,"template":"","format":"standard","meta":{"footnotes":""},"categories":[32,39],"tags":[],"class_list":["post-6337","post","type-post","status-publish","format-standard","has-post-thumbnail","hentry","category-policiaca","category-politica"],"_links":{"self":[{"href":"https:\/\/elreporterodelacomunidad.com\/index.php\/wp-json\/wp\/v2\/posts\/6337","targetHints":{"allow":["GET"]}}],"collection":[{"href":"https:\/\/elreporterodelacomunidad.com\/index.php\/wp-json\/wp\/v2\/posts"}],"about":[{"href":"https:\/\/elreporterodelacomunidad.com\/index.php\/wp-json\/wp\/v2\/types\/post"}],"author":[{"embeddable":true,"href":"https:\/\/elreporterodelacomunidad.com\/index.php\/wp-json\/wp\/v2\/users\/1"}],"replies":[{"embeddable":true,"href":"https:\/\/elreporterodelacomunidad.com\/index.php\/wp-json\/wp\/v2\/comments?post=6337"}],"version-history":[{"count":1,"href":"https:\/\/elreporterodelacomunidad.com\/index.php\/wp-json\/wp\/v2\/posts\/6337\/revisions"}],"predecessor-version":[{"id":6339,"href":"https:\/\/elreporterodelacomunidad.com\/index.php\/wp-json\/wp\/v2\/posts\/6337\/revisions\/6339"}],"wp:featuredmedia":[{"embeddable":true,"href":"https:\/\/elreporterodelacomunidad.com\/index.php\/wp-json\/wp\/v2\/media\/6338"}],"wp:attachment":[{"href":"https:\/\/elreporterodelacomunidad.com\/index.php\/wp-json\/wp\/v2\/media?parent=6337"}],"wp:term":[{"taxonomy":"category","embeddable":true,"href":"https:\/\/elreporterodelacomunidad.com\/index.php\/wp-json\/wp\/v2\/categories?post=6337"},{"taxonomy":"post_tag","embeddable":true,"href":"https:\/\/elreporterodelacomunidad.com\/index.php\/wp-json\/wp\/v2\/tags?post=6337"}],"curies":[{"name":"wp","href":"https:\/\/api.w.org\/{rel}","templated":true}]}}