{"id":6310,"date":"2024-07-12T15:40:29","date_gmt":"2024-07-12T22:40:29","guid":{"rendered":"https:\/\/elreporterodelacomunidad.com\/?p=6310"},"modified":"2024-07-12T15:40:30","modified_gmt":"2024-07-12T22:40:30","slug":"cuenta-seguridad-publica-con-app-movil-para-la-denuncia-anonima-de-delitos","status":"publish","type":"post","link":"https:\/\/elreporterodelacomunidad.com\/index.php\/2024\/07\/12\/cuenta-seguridad-publica-con-app-movil-para-la-denuncia-anonima-de-delitos\/","title":{"rendered":"Cuenta Seguridad P\u00fablica con app m\u00f3vil para la denuncia an\u00f3nima de delitos."},"content":{"rendered":"\n<p><\/p>\n\n\n\n<p>Hermosillo, Sonora; 12 de julio de 2024.- Con el objetivo de facilitar la denuncia an\u00f3nima de diversos delitos, la Secretar\u00eda de Seguridad P\u00fablica (SSP) dise\u00f1\u00f3 la aplicaci\u00f3n m\u00f3vil 089 Sonora.<\/p>\n\n\n\n<p>El coordinador del Centro de Control, Comando, Comunicaci\u00f3n, C\u00f3mputo, Coordinaci\u00f3n e Inteligencia (C5I), Benjam\u00edn Gonz\u00e1lez Caballero, precis\u00f3 que esta herramienta se suma a la Estrategia de Seguridad que encabeza el gobernador Alfonso Durazo.<\/p>\n\n\n\n<p>Los delitos que pueden denunciar las y los sonorenses son actos de corrupci\u00f3n, maltrato, cibern\u00e9ticos, personas sospechosas, la venta de drogas, extorsi\u00f3n, posesi\u00f3n de armas, entre otros.<\/p>\n\n\n\n<p>La Secretar\u00eda de Seguridad P\u00fablica prev\u00e9 innovar en la prevenci\u00f3n de delitos con el uso de la tecnolog\u00eda, por ello, esta aplicaci\u00f3n se realiz\u00f3 con un dise\u00f1o accesible y de f\u00e1cil uso.<\/p>\n\n\n\n<p>El titular del C5I en Sonora explic\u00f3, que las personas interesadas pueden descargar la app desde la tienda de aplicaciones de su preferencia.<\/p>\n\n\n\n<p>Gonz\u00e1lez Caballero exhort\u00f3 a utilizar este medio con responsabilidad y confiar en que su denuncia es totalmente confidencial.<\/p>\n","protected":false},"excerpt":{"rendered":"<p>Hermosillo, Sonora; 12 de julio de 2024.- Con el objetivo de facilitar la denuncia an\u00f3nima de diversos delitos, la Secretar\u00eda de Seguridad P\u00fablica (SSP) dise\u00f1\u00f3 la aplicaci\u00f3n m\u00f3vil 089 Sonora. El coordinador del Centro de Control, Comando, Comunicaci\u00f3n, C\u00f3mputo, Coordinaci\u00f3n e Inteligencia (C5I), Benjam\u00edn Gonz\u00e1lez Caballero, precis\u00f3 que esta herramienta se suma a la Estrategia [&hellip;]<\/p>\n","protected":false},"author":1,"featured_media":6311,"comment_status":"open","ping_status":"open","sticky":false,"template":"","format":"standard","meta":{"footnotes":""},"categories":[32,39],"tags":[],"class_list":["post-6310","post","type-post","status-publish","format-standard","has-post-thumbnail","hentry","category-policiaca","category-politica"],"_links":{"self":[{"href":"https:\/\/elreporterodelacomunidad.com\/index.php\/wp-json\/wp\/v2\/posts\/6310","targetHints":{"allow":["GET"]}}],"collection":[{"href":"https:\/\/elreporterodelacomunidad.com\/index.php\/wp-json\/wp\/v2\/posts"}],"about":[{"href":"https:\/\/elreporterodelacomunidad.com\/index.php\/wp-json\/wp\/v2\/types\/post"}],"author":[{"embeddable":true,"href":"https:\/\/elreporterodelacomunidad.com\/index.php\/wp-json\/wp\/v2\/users\/1"}],"replies":[{"embeddable":true,"href":"https:\/\/elreporterodelacomunidad.com\/index.php\/wp-json\/wp\/v2\/comments?post=6310"}],"version-history":[{"count":1,"href":"https:\/\/elreporterodelacomunidad.com\/index.php\/wp-json\/wp\/v2\/posts\/6310\/revisions"}],"predecessor-version":[{"id":6312,"href":"https:\/\/elreporterodelacomunidad.com\/index.php\/wp-json\/wp\/v2\/posts\/6310\/revisions\/6312"}],"wp:featuredmedia":[{"embeddable":true,"href":"https:\/\/elreporterodelacomunidad.com\/index.php\/wp-json\/wp\/v2\/media\/6311"}],"wp:attachment":[{"href":"https:\/\/elreporterodelacomunidad.com\/index.php\/wp-json\/wp\/v2\/media?parent=6310"}],"wp:term":[{"taxonomy":"category","embeddable":true,"href":"https:\/\/elreporterodelacomunidad.com\/index.php\/wp-json\/wp\/v2\/categories?post=6310"},{"taxonomy":"post_tag","embeddable":true,"href":"https:\/\/elreporterodelacomunidad.com\/index.php\/wp-json\/wp\/v2\/tags?post=6310"}],"curies":[{"name":"wp","href":"https:\/\/api.w.org\/{rel}","templated":true}]}}