{"id":6307,"date":"2024-07-12T15:38:09","date_gmt":"2024-07-12T22:38:09","guid":{"rendered":"https:\/\/elreporterodelacomunidad.com\/?p=6307"},"modified":"2024-07-12T15:38:11","modified_gmt":"2024-07-12T22:38:11","slug":"por-aseguramiento-de-armamento-y-vehiculos-fgr-inicia-carpeta-de-investigacion-en-caborca","status":"publish","type":"post","link":"https:\/\/elreporterodelacomunidad.com\/index.php\/2024\/07\/12\/por-aseguramiento-de-armamento-y-vehiculos-fgr-inicia-carpeta-de-investigacion-en-caborca\/","title":{"rendered":"Por aseguramiento de armamento y veh\u00edculos FGR inicia carpeta de investigaci\u00f3n en Caborca."},"content":{"rendered":"\n<p><\/p>\n\n\n\n<p>Caborca, Sonora a 12 de Julio del 2024.- El Ministerio P\u00fablico de la Fiscal\u00eda General de la Rep\u00fablica (FGR) en su Fiscal\u00eda Federal en el Estado de Sonora, integra Carpeta de Investigaci\u00f3n por el delito violaci\u00f3n a la Ley Federal de Armas de Fuego y Explosivos, luego de asegurar armamento y veh\u00edculos en Caborca, Sonora.<\/p>\n\n\n\n<p>Lo anterior, derivado de la puesta a disposici\u00f3n por parte de elementos de la Guardia Nacional (GN), quienes, en inmediaciones del ejido \u201cEl Coyote\u201d, en un camino de terracer\u00eda de los denominados brechas, perteneciente al municipio de Caborca, Sonora, aseguraron siete armas de fuego tipo fusil, 55 cargadores para arma de fuego de uso exclusivo, 869 cartuchos para armas de fuego y tres veh\u00edculos.<\/p>\n\n\n\n<p>El agente del Ministerio P\u00fablico Federal (AMPF) inici\u00f3 la Carpeta de Investigaci\u00f3n y realiza los tr\u00e1mites legales correspondientes para el esclarecimiento de los hechos y dar con \u00e9l o los probables responsables del il\u00edcito federal.<\/p>\n","protected":false},"excerpt":{"rendered":"<p>Caborca, Sonora a 12 de Julio del 2024.- El Ministerio P\u00fablico de la Fiscal\u00eda General de la Rep\u00fablica (FGR) en su Fiscal\u00eda Federal en el Estado de Sonora, integra Carpeta de Investigaci\u00f3n por el delito violaci\u00f3n a la Ley Federal de Armas de Fuego y Explosivos, luego de asegurar armamento y veh\u00edculos en Caborca, Sonora. [&hellip;]<\/p>\n","protected":false},"author":1,"featured_media":6308,"comment_status":"open","ping_status":"open","sticky":false,"template":"","format":"standard","meta":{"footnotes":""},"categories":[32,39],"tags":[],"class_list":["post-6307","post","type-post","status-publish","format-standard","has-post-thumbnail","hentry","category-policiaca","category-politica"],"_links":{"self":[{"href":"https:\/\/elreporterodelacomunidad.com\/index.php\/wp-json\/wp\/v2\/posts\/6307","targetHints":{"allow":["GET"]}}],"collection":[{"href":"https:\/\/elreporterodelacomunidad.com\/index.php\/wp-json\/wp\/v2\/posts"}],"about":[{"href":"https:\/\/elreporterodelacomunidad.com\/index.php\/wp-json\/wp\/v2\/types\/post"}],"author":[{"embeddable":true,"href":"https:\/\/elreporterodelacomunidad.com\/index.php\/wp-json\/wp\/v2\/users\/1"}],"replies":[{"embeddable":true,"href":"https:\/\/elreporterodelacomunidad.com\/index.php\/wp-json\/wp\/v2\/comments?post=6307"}],"version-history":[{"count":1,"href":"https:\/\/elreporterodelacomunidad.com\/index.php\/wp-json\/wp\/v2\/posts\/6307\/revisions"}],"predecessor-version":[{"id":6309,"href":"https:\/\/elreporterodelacomunidad.com\/index.php\/wp-json\/wp\/v2\/posts\/6307\/revisions\/6309"}],"wp:featuredmedia":[{"embeddable":true,"href":"https:\/\/elreporterodelacomunidad.com\/index.php\/wp-json\/wp\/v2\/media\/6308"}],"wp:attachment":[{"href":"https:\/\/elreporterodelacomunidad.com\/index.php\/wp-json\/wp\/v2\/media?parent=6307"}],"wp:term":[{"taxonomy":"category","embeddable":true,"href":"https:\/\/elreporterodelacomunidad.com\/index.php\/wp-json\/wp\/v2\/categories?post=6307"},{"taxonomy":"post_tag","embeddable":true,"href":"https:\/\/elreporterodelacomunidad.com\/index.php\/wp-json\/wp\/v2\/tags?post=6307"}],"curies":[{"name":"wp","href":"https:\/\/api.w.org\/{rel}","templated":true}]}}