{"id":6301,"date":"2024-07-12T15:33:48","date_gmt":"2024-07-12T22:33:48","guid":{"rendered":"https:\/\/elreporterodelacomunidad.com\/?p=6301"},"modified":"2024-07-12T15:33:51","modified_gmt":"2024-07-12T22:33:51","slug":"en-cateo-fgr-asegura-arma-cargadores-y-casquillos-en-caborca","status":"publish","type":"post","link":"https:\/\/elreporterodelacomunidad.com\/index.php\/2024\/07\/12\/en-cateo-fgr-asegura-arma-cargadores-y-casquillos-en-caborca\/","title":{"rendered":"En cateo FGR asegura arma, cargadores y casquillos en Caborca."},"content":{"rendered":"\n<p><\/p>\n\n\n\n<p>Caborca, Sonora a 12 de Julio del 2024- La Fiscal\u00eda General de la Rep\u00fablica (FGR) en su Fiscal\u00eda Federal en Sonora, asegur\u00f3 arma de fuego, cargadores y casquillos de arma de fuego, al cumplimentar una orden de cateo en Caborca, Sonora.<\/p>\n\n\n\n<p>El Ministerio P\u00fablico Federal (MPF) en compa\u00f1\u00eda de Agentes de la Polic\u00eda Federal Ministerial (PFM) y con apoyo de personal de Servicios Periciales de la Instituci\u00f3n, aseguraron un arma de fuego tipo fusil, tres cargadores para arma de fuego y casquillos de arma de fuego.<\/p>\n\n\n\n<p>La diligencia de cateo se llev\u00f3 a cabo en un inmueble ubicado en la colonia Centro, en Caborca, Sonora, donde se asegur\u00f3 el material b\u00e9lico descrito.<\/p>\n\n\n\n<p>Lo asegurado qued\u00f3 a disposici\u00f3n del MPF, quien llev\u00f3 a cabo los tr\u00e1mites legales correspondientes.<\/p>\n","protected":false},"excerpt":{"rendered":"<p>Caborca, Sonora a 12 de Julio del 2024- La Fiscal\u00eda General de la Rep\u00fablica (FGR) en su Fiscal\u00eda Federal en Sonora, asegur\u00f3 arma de fuego, cargadores y casquillos de arma de fuego, al cumplimentar una orden de cateo en Caborca, Sonora. El Ministerio P\u00fablico Federal (MPF) en compa\u00f1\u00eda de Agentes de la Polic\u00eda Federal Ministerial [&hellip;]<\/p>\n","protected":false},"author":1,"featured_media":6302,"comment_status":"open","ping_status":"open","sticky":false,"template":"","format":"standard","meta":{"footnotes":""},"categories":[32,39],"tags":[],"class_list":["post-6301","post","type-post","status-publish","format-standard","has-post-thumbnail","hentry","category-policiaca","category-politica"],"_links":{"self":[{"href":"https:\/\/elreporterodelacomunidad.com\/index.php\/wp-json\/wp\/v2\/posts\/6301","targetHints":{"allow":["GET"]}}],"collection":[{"href":"https:\/\/elreporterodelacomunidad.com\/index.php\/wp-json\/wp\/v2\/posts"}],"about":[{"href":"https:\/\/elreporterodelacomunidad.com\/index.php\/wp-json\/wp\/v2\/types\/post"}],"author":[{"embeddable":true,"href":"https:\/\/elreporterodelacomunidad.com\/index.php\/wp-json\/wp\/v2\/users\/1"}],"replies":[{"embeddable":true,"href":"https:\/\/elreporterodelacomunidad.com\/index.php\/wp-json\/wp\/v2\/comments?post=6301"}],"version-history":[{"count":1,"href":"https:\/\/elreporterodelacomunidad.com\/index.php\/wp-json\/wp\/v2\/posts\/6301\/revisions"}],"predecessor-version":[{"id":6303,"href":"https:\/\/elreporterodelacomunidad.com\/index.php\/wp-json\/wp\/v2\/posts\/6301\/revisions\/6303"}],"wp:featuredmedia":[{"embeddable":true,"href":"https:\/\/elreporterodelacomunidad.com\/index.php\/wp-json\/wp\/v2\/media\/6302"}],"wp:attachment":[{"href":"https:\/\/elreporterodelacomunidad.com\/index.php\/wp-json\/wp\/v2\/media?parent=6301"}],"wp:term":[{"taxonomy":"category","embeddable":true,"href":"https:\/\/elreporterodelacomunidad.com\/index.php\/wp-json\/wp\/v2\/categories?post=6301"},{"taxonomy":"post_tag","embeddable":true,"href":"https:\/\/elreporterodelacomunidad.com\/index.php\/wp-json\/wp\/v2\/tags?post=6301"}],"curies":[{"name":"wp","href":"https:\/\/api.w.org\/{rel}","templated":true}]}}