{"id":6298,"date":"2024-07-12T15:30:51","date_gmt":"2024-07-12T22:30:51","guid":{"rendered":"https:\/\/elreporterodelacomunidad.com\/?p=6298"},"modified":"2024-07-12T15:34:19","modified_gmt":"2024-07-12T22:34:19","slug":"detiene-la-policia-federal-ministerial-a-una-persona-con-armamento-y-narcotico-en-agua-prieta","status":"publish","type":"post","link":"https:\/\/elreporterodelacomunidad.com\/index.php\/2024\/07\/12\/detiene-la-policia-federal-ministerial-a-una-persona-con-armamento-y-narcotico-en-agua-prieta\/","title":{"rendered":"Detiene la polic\u00eda federal ministerial a una persona con armamento y narc\u00f3tico en Agua Prieta."},"content":{"rendered":"\n<p><\/p>\n\n\n\n<p>Agua Prieta, Sonora a12 de Julio del 2024.- El Ministerio P\u00fablico de la Fiscal\u00eda General de la Rep\u00fablica (FGR) en Sonora, inici\u00f3 Carpeta de Investigaci\u00f3n en contra de una persona, por su probable responsabilidad en la comisi\u00f3n de los delitos de contra la salud y violaci\u00f3n a la Ley Federal de Armas de Fuego y Explosivos, luego de asegurarle armamento y narc\u00f3tico en Agua Prieta, Sonora.<\/p>\n\n\n\n<p>Elementos de la Polic\u00eda Federal Ministerial (PFM) de la Agencia de Investigaci\u00f3n Criminal (AIC), derivado de una investigaci\u00f3n, en la carretera Janos \u2013 Agua Prieta, en Agua Prieta, Sonora, detuvieron a Jos\u00e9 \u201cS\u201d, a bordo de un veh\u00edculo con placas de Arizona, E.U.A., a quien le aseguraron un arma de fuego tipo fusil&nbsp; con su respectivo cargador, 37 cartuchos \u00fatiles para arma de fuego, 22 bolsas que conten\u00edan en conjunto 899 gramos 900 miligramos de metanfetamina, una mochila, un celular y 950 pesos.<\/p>\n\n\n\n<p>El imputado, narc\u00f3tico, armamento, veh\u00edculo y dem\u00e1s objetos quedaron a disposici\u00f3n del MPF, quien contin\u00faa con la integraci\u00f3n de la respectiva Carpeta de Investigaci\u00f3n.<\/p>\n","protected":false},"excerpt":{"rendered":"<p>Agua Prieta, Sonora a12 de Julio del 2024.- El Ministerio P\u00fablico de la Fiscal\u00eda General de la Rep\u00fablica (FGR) en Sonora, inici\u00f3 Carpeta de Investigaci\u00f3n en contra de una persona, por su probable responsabilidad en la comisi\u00f3n de los delitos de contra la salud y violaci\u00f3n a la Ley Federal de Armas de Fuego y [&hellip;]<\/p>\n","protected":false},"author":1,"featured_media":6299,"comment_status":"open","ping_status":"open","sticky":false,"template":"","format":"standard","meta":{"footnotes":""},"categories":[32,39,27],"tags":[],"class_list":["post-6298","post","type-post","status-publish","format-standard","has-post-thumbnail","hentry","category-policiaca","category-politica","category-ultimahora"],"_links":{"self":[{"href":"https:\/\/elreporterodelacomunidad.com\/index.php\/wp-json\/wp\/v2\/posts\/6298","targetHints":{"allow":["GET"]}}],"collection":[{"href":"https:\/\/elreporterodelacomunidad.com\/index.php\/wp-json\/wp\/v2\/posts"}],"about":[{"href":"https:\/\/elreporterodelacomunidad.com\/index.php\/wp-json\/wp\/v2\/types\/post"}],"author":[{"embeddable":true,"href":"https:\/\/elreporterodelacomunidad.com\/index.php\/wp-json\/wp\/v2\/users\/1"}],"replies":[{"embeddable":true,"href":"https:\/\/elreporterodelacomunidad.com\/index.php\/wp-json\/wp\/v2\/comments?post=6298"}],"version-history":[{"count":1,"href":"https:\/\/elreporterodelacomunidad.com\/index.php\/wp-json\/wp\/v2\/posts\/6298\/revisions"}],"predecessor-version":[{"id":6300,"href":"https:\/\/elreporterodelacomunidad.com\/index.php\/wp-json\/wp\/v2\/posts\/6298\/revisions\/6300"}],"wp:featuredmedia":[{"embeddable":true,"href":"https:\/\/elreporterodelacomunidad.com\/index.php\/wp-json\/wp\/v2\/media\/6299"}],"wp:attachment":[{"href":"https:\/\/elreporterodelacomunidad.com\/index.php\/wp-json\/wp\/v2\/media?parent=6298"}],"wp:term":[{"taxonomy":"category","embeddable":true,"href":"https:\/\/elreporterodelacomunidad.com\/index.php\/wp-json\/wp\/v2\/categories?post=6298"},{"taxonomy":"post_tag","embeddable":true,"href":"https:\/\/elreporterodelacomunidad.com\/index.php\/wp-json\/wp\/v2\/tags?post=6298"}],"curies":[{"name":"wp","href":"https:\/\/api.w.org\/{rel}","templated":true}]}}