{"id":6229,"date":"2024-07-10T18:31:25","date_gmt":"2024-07-11T01:31:25","guid":{"rendered":"https:\/\/elreporterodelacomunidad.com\/?p=6229"},"modified":"2024-07-10T18:31:27","modified_gmt":"2024-07-11T01:31:27","slug":"buscan-a-mas-de-200-migrantes-secuestrados-que-iban-a-sonoyta-familiares-han-pagado-a-captores","status":"publish","type":"post","link":"https:\/\/elreporterodelacomunidad.com\/index.php\/2024\/07\/10\/buscan-a-mas-de-200-migrantes-secuestrados-que-iban-a-sonoyta-familiares-han-pagado-a-captores\/","title":{"rendered":"Buscan a m\u00e1s de 200 migrantes secuestrados que iban a Sonoyta; familiares han pagado a captores."},"content":{"rendered":"\n<p>Dieron a conocer que algunas familias ya han pagado m\u00e1s de 10 mil d\u00f3lares por persona como parte del rescate solicitado por los captores.<\/p>\n\n\n\n<p><\/p>\n\n\n\n<p>Hermosillo, Sonora a 10 de Julio del 2024.- Familiares y activistas exigen que se investigue el paradero de m\u00e1s de 200 migrantes que fueron secuestrados mientras se dirig\u00edan al municipio de Sonoyta, Sonora, con la intenci\u00f3n de cruzar a Estados Unidos.<\/p>\n\n\n\n<p>William Murillo, presidente ejecutivo de la organizaci\u00f3n social 1800 Migrante.com con sede en Nueva York, declar\u00f3 que desde hace 15 d\u00edas no se ha tenido informaci\u00f3n de estas personas, quienes iban a bordo de un tr\u00e1iler cuando sufrieron un desperfecto por lo que tuvieron que bajar para caminar a un punto donde los iban a recoger los coyoteros, lo cual no sucedi\u00f3 y fueron secuestrados.<\/p>\n\n\n\n<p>Expuso que esto ocurri\u00f3 en ciudad Cuauht\u00e9moc en el estado de Chihuahua, donde aseguran que los migrantes fueron separados por los secuestradores en varios grupos de al menos 15 personas, entre ni\u00f1os, mujeres y hombres de distintas nacionalidades.<\/p>\n\n\n\n<p>\u201cLos familiares dicen que est\u00e1n en Ciudad Ju\u00e1rez, pero por las distancias puede ser que est\u00e9n ah\u00ed, en Ciudad Cuauhtemoc, puede ser que est\u00e9n en Sonora, no sabemos, lo que sabemos es que hay m\u00e1s de 200 migrantes secuestrados, 202 para ser precisos\u201d, expres\u00f3.<\/p>\n\n\n\n<p>\u201cEsto ya se convierte, ya no en la delincuencia com\u00fan de un secuestro que tu pagas el secuestro y lo liberan, ya hicieron esa parte y no los liberan, y todav\u00eda sigue queriendo cobrar m\u00e1s dinero, queriendo mantenerlos retenidos, entonces eso ya se convierte en un acto terrorista porque no se permite esa libertad que se supone que estas comprando al pagar un rescate\u201d, resalt\u00f3.<\/p>\n\n\n\n<p>De acuerdo a datos que brind\u00f3 Mar\u00eda L\u00f3pez a 1800 Migrante, los secuestradores crearon grupos de WhatsApp con los familiares de los migrantes privados de la libertad y un mexicano era el \u201cl\u00edder\u201d de los captores, quien les daba instrucciones de lo que deb\u00edan hacer.<\/p>\n\n\n\n<p>Al respecto, William Murillo solicit\u00f3 a las autoridades nacionales de M\u00e9xico, as\u00ed como a los gobiernos de Sonora y Chihuahua que investiguen este caso para dar con el paradero de las m\u00e1s de 200 personas que viajaban en ese tractocami\u00f3n.<\/p>\n\n\n\n<p>\u201cEllos (el Gobierno) ya tienen los elementos suficientes para hacer las investigaciones que sean necesarias, nosotros como 1800 Migrantes hemos trabajado junto con el Gobierno Mexicano, con el Gobierno Ecuatoriano, con las autoridades, ellos ya tienen los elementos para hacer las investigaciones y sobre todo ya conoc\u00edan este caso\u201d, destac\u00f3.<\/p>\n\n\n\n<p>El abogado se\u00f1al\u00f3 que el caso de los secuestros de migrantes es una problem\u00e1tica que se le sali\u00f3 de las manos a las autoridades y que se debe de trabajar, en especial las relaciones diplom\u00e1ticas para por lo menos empezar a compartir informaci\u00f3n.<\/p>\n\n\n\n<p>Sobre la regi\u00f3n fronteriza de Sonora y Chihuahua, as\u00ed como Chiapas, reconoci\u00f3 que es un \u00e1rea de alto riesgo para los migrantes que buscan cruzar hacia Estados Unidos con el fin de obtener una mejor calidad de vida tras abandonar pa\u00edses del centro y sur de Am\u00e9rica.<\/p>\n\n\n\n<p>\u201cEstamos muy preocupados por todo lo que est\u00e1 sucediendo en la frontera norte de M\u00e9xico, por el secuestro de estos migrantes que precisamente iban de Ciudad de M\u00e9xico hasta Sonoyta en Sonora\u201d, agreg\u00f3.<\/p>\n\n\n\n<p>Para William Murillo, la zona de Sonoyta, Sonora, es uno de los puntos m\u00e1s recurrentes por los migrantes debido a que ah\u00ed es donde los llevan los conocidos \u201ccoyotes\u201d y es la ruta que utilizan, mientras que otros prefieren esperar la cita de la Oficina de Aduanas y Protecci\u00f3n Fronteriza de Estados Unidos o CBP, por sus siglas en ingl\u00e9s.<\/p>\n","protected":false},"excerpt":{"rendered":"<p>Dieron a conocer que algunas familias ya han pagado m\u00e1s de 10 mil d\u00f3lares por persona como parte del rescate solicitado por los captores. Hermosillo, Sonora a 10 de Julio del 2024.- Familiares y activistas exigen que se investigue el paradero de m\u00e1s de 200 migrantes que fueron secuestrados mientras se dirig\u00edan al municipio de [&hellip;]<\/p>\n","protected":false},"author":1,"featured_media":6230,"comment_status":"open","ping_status":"open","sticky":false,"template":"","format":"standard","meta":{"footnotes":""},"categories":[32,39],"tags":[],"class_list":["post-6229","post","type-post","status-publish","format-standard","has-post-thumbnail","hentry","category-policiaca","category-politica"],"_links":{"self":[{"href":"https:\/\/elreporterodelacomunidad.com\/index.php\/wp-json\/wp\/v2\/posts\/6229","targetHints":{"allow":["GET"]}}],"collection":[{"href":"https:\/\/elreporterodelacomunidad.com\/index.php\/wp-json\/wp\/v2\/posts"}],"about":[{"href":"https:\/\/elreporterodelacomunidad.com\/index.php\/wp-json\/wp\/v2\/types\/post"}],"author":[{"embeddable":true,"href":"https:\/\/elreporterodelacomunidad.com\/index.php\/wp-json\/wp\/v2\/users\/1"}],"replies":[{"embeddable":true,"href":"https:\/\/elreporterodelacomunidad.com\/index.php\/wp-json\/wp\/v2\/comments?post=6229"}],"version-history":[{"count":1,"href":"https:\/\/elreporterodelacomunidad.com\/index.php\/wp-json\/wp\/v2\/posts\/6229\/revisions"}],"predecessor-version":[{"id":6231,"href":"https:\/\/elreporterodelacomunidad.com\/index.php\/wp-json\/wp\/v2\/posts\/6229\/revisions\/6231"}],"wp:featuredmedia":[{"embeddable":true,"href":"https:\/\/elreporterodelacomunidad.com\/index.php\/wp-json\/wp\/v2\/media\/6230"}],"wp:attachment":[{"href":"https:\/\/elreporterodelacomunidad.com\/index.php\/wp-json\/wp\/v2\/media?parent=6229"}],"wp:term":[{"taxonomy":"category","embeddable":true,"href":"https:\/\/elreporterodelacomunidad.com\/index.php\/wp-json\/wp\/v2\/categories?post=6229"},{"taxonomy":"post_tag","embeddable":true,"href":"https:\/\/elreporterodelacomunidad.com\/index.php\/wp-json\/wp\/v2\/tags?post=6229"}],"curies":[{"name":"wp","href":"https:\/\/api.w.org\/{rel}","templated":true}]}}