{"id":6182,"date":"2024-07-10T14:14:06","date_gmt":"2024-07-10T21:14:06","guid":{"rendered":"https:\/\/elreporterodelacomunidad.com\/?p=6182"},"modified":"2024-07-10T14:14:09","modified_gmt":"2024-07-10T21:14:09","slug":"sentencian-a-mas-de-60-anos-de-prision-a-tres-sujetos-por-robo-y-secuestro-en-hermosillo","status":"publish","type":"post","link":"https:\/\/elreporterodelacomunidad.com\/index.php\/2024\/07\/10\/sentencian-a-mas-de-60-anos-de-prision-a-tres-sujetos-por-robo-y-secuestro-en-hermosillo\/","title":{"rendered":"Sentencian a m\u00e1s de 60 a\u00f1os de prisi\u00f3n a tres sujetos por robo y secuestro en Hermosillo."},"content":{"rendered":"\n<p><\/p>\n\n\n\n<p>Hermosillo, Sonora, 10 de julio de 2024.- Debido a su probada responsabilidad por los delitos de robo con violencia en las personas y secuestro expr\u00e9s, la Fiscal\u00eda General de Justicia del Estado de Sonora (FGJES) logr\u00f3 sentencias condenatorias de m\u00e1s de 60 a\u00f1os de prisi\u00f3n en contra de Andr\u00e9s \u201cN\u201d, de 49 a\u00f1os de edad; Daniel Iv\u00e1n \u201cN\u201d, de 42 a\u00f1os y Luis Alberto \u201cN\u201d de 44 a\u00f1os.<\/p>\n\n\n\n<p>La carpeta de investigaci\u00f3n iniciada por esta representaci\u00f3n social establece a los sujetos como responsables de los hechos ocurridos en una vivienda de la colonia Fuentes del Mezquital en Hermosillo, Sonora, el 25 de enero de 2019.<\/p>\n\n\n\n<p>Los sentenciados ingresaron a la vivienda de las v\u00edctimas, cuatro hombres y una mujer de identidades reservadas, quienes fueron amenazados y les exigieron bienes de valor.<\/p>\n\n\n\n<p>Ante la posibilidad de ser lastimados, los moradores del inmueble indicaron la ubicaci\u00f3n de sus posesiones, tras lo cual fueron maniatados y amordazados, en esas condiciones, se apoderaron de objetos de valor de las v\u00edctimas, posteriormente fueron abandonaron en las circunstancias descritas.<\/p>\n\n\n\n<p>Una vez que se tuvo conocimiento de estos hechos, la Fiscal\u00eda General de Justicia del Estado de Sonora (FGJES) inici\u00f3 las acciones correspondientes para la captura de los sujetos, se les identific\u00f3 y se giraron las \u00f3rdenes de aprehensi\u00f3n, mismas que se ejecutaron por parte de elementos de la Agencia Ministerial de Investigaci\u00f3n Criminal (AMIC).<\/p>\n\n\n\n<p>Al momento de ser capturados Luis Alberto \u201cN\u201d y Daniel Iv\u00e1n \u201cN\u201d, fueron encontrados en posesi\u00f3n de metanfetamina y marihuana, hecho por el que a los delitos antes descritos se les sumaron cargos por narcomenudeo.<\/p>\n\n\n\n<p>Tras acreditar los hechos, el Juez determin\u00f3 dictar una sentencia condenatoria de 61 a\u00f1os y 10 meses de prisi\u00f3n para Andr\u00e9s \u201cN\u201d, Daniel Iv\u00e1n \u201cN\u201d y Luis Alberto \u201cN\u201d, por los delitos de robo y secuestro expr\u00e9s, mientras que para los \u00faltimos dos se\u00f1alados, se agregaron 11 meses adicionales de prisi\u00f3n por el delito de narcomenudeo.<\/p>\n","protected":false},"excerpt":{"rendered":"<p>Hermosillo, Sonora, 10 de julio de 2024.- Debido a su probada responsabilidad por los delitos de robo con violencia en las personas y secuestro expr\u00e9s, la Fiscal\u00eda General de Justicia del Estado de Sonora (FGJES) logr\u00f3 sentencias condenatorias de m\u00e1s de 60 a\u00f1os de prisi\u00f3n en contra de Andr\u00e9s \u201cN\u201d, de 49 a\u00f1os de edad; [&hellip;]<\/p>\n","protected":false},"author":1,"featured_media":6183,"comment_status":"open","ping_status":"open","sticky":false,"template":"","format":"standard","meta":{"footnotes":""},"categories":[32,39],"tags":[],"class_list":["post-6182","post","type-post","status-publish","format-standard","has-post-thumbnail","hentry","category-policiaca","category-politica"],"_links":{"self":[{"href":"https:\/\/elreporterodelacomunidad.com\/index.php\/wp-json\/wp\/v2\/posts\/6182","targetHints":{"allow":["GET"]}}],"collection":[{"href":"https:\/\/elreporterodelacomunidad.com\/index.php\/wp-json\/wp\/v2\/posts"}],"about":[{"href":"https:\/\/elreporterodelacomunidad.com\/index.php\/wp-json\/wp\/v2\/types\/post"}],"author":[{"embeddable":true,"href":"https:\/\/elreporterodelacomunidad.com\/index.php\/wp-json\/wp\/v2\/users\/1"}],"replies":[{"embeddable":true,"href":"https:\/\/elreporterodelacomunidad.com\/index.php\/wp-json\/wp\/v2\/comments?post=6182"}],"version-history":[{"count":1,"href":"https:\/\/elreporterodelacomunidad.com\/index.php\/wp-json\/wp\/v2\/posts\/6182\/revisions"}],"predecessor-version":[{"id":6184,"href":"https:\/\/elreporterodelacomunidad.com\/index.php\/wp-json\/wp\/v2\/posts\/6182\/revisions\/6184"}],"wp:featuredmedia":[{"embeddable":true,"href":"https:\/\/elreporterodelacomunidad.com\/index.php\/wp-json\/wp\/v2\/media\/6183"}],"wp:attachment":[{"href":"https:\/\/elreporterodelacomunidad.com\/index.php\/wp-json\/wp\/v2\/media?parent=6182"}],"wp:term":[{"taxonomy":"category","embeddable":true,"href":"https:\/\/elreporterodelacomunidad.com\/index.php\/wp-json\/wp\/v2\/categories?post=6182"},{"taxonomy":"post_tag","embeddable":true,"href":"https:\/\/elreporterodelacomunidad.com\/index.php\/wp-json\/wp\/v2\/tags?post=6182"}],"curies":[{"name":"wp","href":"https:\/\/api.w.org\/{rel}","templated":true}]}}