{"id":6134,"date":"2024-07-09T19:15:19","date_gmt":"2024-07-10T02:15:19","guid":{"rendered":"https:\/\/elreporterodelacomunidad.com\/?p=6134"},"modified":"2024-07-09T19:16:08","modified_gmt":"2024-07-10T02:16:08","slug":"naranjeros-celebra-su-campeonato-xvii-en-la-capital-del-pais","status":"publish","type":"post","link":"https:\/\/elreporterodelacomunidad.com\/index.php\/2024\/07\/09\/naranjeros-celebra-su-campeonato-xvii-en-la-capital-del-pais\/","title":{"rendered":"Naranjeros celebra su campeonato XVII en la capital del pa\u00eds."},"content":{"rendered":"\n<h1 class=\"wp-block-heading\"><\/h1>\n\n\n\n<p><strong>Ciudad de M\u00e9xico (Prensa Naranjeros).-<\/strong>Los Naranjeros de Hermosillo realizaron este lunes un evento en la Ciudad de M\u00e9xico para celebrar la obtenci\u00f3n del campeonato XVII en la historia de la Escuadra Naranja en la Liga ARCO Mexicana del Pac\u00edfico donde se cont\u00f3 con la presencia de los medios de comunicaci\u00f3n de la capital del pa\u00eds.<\/p>\n\n\n\n<p>Teniendo como sede un restaurante de la Ciudad de M\u00e9xico y con el marco del Monumento a la Revoluci\u00f3n estuvieron presentes en el evento estuvieron el manager Naranjero Juan Gabriel Castro, Agust\u00edn \u201cGuty\u201d Murillo, tercera base Naranjero, el Ing. Pablo de la Pe\u00f1a, Director General de Naranjeros, el Gerente Deportivo Francisco G\u00e1mez, as\u00ed como \u201cBeto Coyote\u201d mascota oficial de Naranjeros.<\/p>\n\n\n\n<p>Antonio Rosique fue el conductor del evento y fue el encargado de contar con su estilo la historia de c\u00f3mo se logr\u00f3 la obtenci\u00f3n del t\u00edtulo que coloc\u00f3 a Naranjeros como el equipo deportivo con m\u00e1s campeonatos en el deporte mexicano.<\/p>\n\n\n\n<p>Los representantes de los medios recibieron un jersey Legacy con el que se conmemoran los campeonatos obtenidos por la Escuadra Naranja, as\u00ed como una gorra cortes\u00eda de New Era con el parche de edici\u00f3n especial de este evento en CDMX.<\/p>\n\n\n\n<p>Tambi\u00e9n los asistentes pudieron degustar la gastronom\u00eda 100% sonorense con los Tacos de Armando y con el postre t\u00edpico de nuestro estado, las coyotas.<\/p>\n\n\n\n<p>Para finalizar el evento los medios de comunicaci\u00f3n tuvieron sesi\u00f3n de preguntas y respuestas con los invitados.<\/p>\n\n\n\n<p>Naranjeros celebr\u00f3 as\u00ed la obtenci\u00f3n del campeonato XVII y demostr\u00f3 en Ciudad de M\u00e9xico que \u201cEL SHOW CONTIN\u00daA\u201d rumbo a la Temporada 2024-2025 presentada por Caliente.mx de la Liga ARCO Mexicana del Pac\u00edfico.<\/p>\n","protected":false},"excerpt":{"rendered":"<p>Ciudad de M\u00e9xico (Prensa Naranjeros).-Los Naranjeros de Hermosillo realizaron este lunes un evento en la Ciudad de M\u00e9xico para celebrar la obtenci\u00f3n del campeonato XVII en la historia de la Escuadra Naranja en la Liga ARCO Mexicana del Pac\u00edfico donde se cont\u00f3 con la presencia de los medios de comunicaci\u00f3n de la capital del pa\u00eds. [&hellip;]<\/p>\n","protected":false},"author":1,"featured_media":6135,"comment_status":"open","ping_status":"open","sticky":false,"template":"","format":"standard","meta":{"footnotes":""},"categories":[33,39],"tags":[],"class_list":["post-6134","post","type-post","status-publish","format-standard","has-post-thumbnail","hentry","category-deportes","category-politica"],"_links":{"self":[{"href":"https:\/\/elreporterodelacomunidad.com\/index.php\/wp-json\/wp\/v2\/posts\/6134","targetHints":{"allow":["GET"]}}],"collection":[{"href":"https:\/\/elreporterodelacomunidad.com\/index.php\/wp-json\/wp\/v2\/posts"}],"about":[{"href":"https:\/\/elreporterodelacomunidad.com\/index.php\/wp-json\/wp\/v2\/types\/post"}],"author":[{"embeddable":true,"href":"https:\/\/elreporterodelacomunidad.com\/index.php\/wp-json\/wp\/v2\/users\/1"}],"replies":[{"embeddable":true,"href":"https:\/\/elreporterodelacomunidad.com\/index.php\/wp-json\/wp\/v2\/comments?post=6134"}],"version-history":[{"count":1,"href":"https:\/\/elreporterodelacomunidad.com\/index.php\/wp-json\/wp\/v2\/posts\/6134\/revisions"}],"predecessor-version":[{"id":6136,"href":"https:\/\/elreporterodelacomunidad.com\/index.php\/wp-json\/wp\/v2\/posts\/6134\/revisions\/6136"}],"wp:featuredmedia":[{"embeddable":true,"href":"https:\/\/elreporterodelacomunidad.com\/index.php\/wp-json\/wp\/v2\/media\/6135"}],"wp:attachment":[{"href":"https:\/\/elreporterodelacomunidad.com\/index.php\/wp-json\/wp\/v2\/media?parent=6134"}],"wp:term":[{"taxonomy":"category","embeddable":true,"href":"https:\/\/elreporterodelacomunidad.com\/index.php\/wp-json\/wp\/v2\/categories?post=6134"},{"taxonomy":"post_tag","embeddable":true,"href":"https:\/\/elreporterodelacomunidad.com\/index.php\/wp-json\/wp\/v2\/tags?post=6134"}],"curies":[{"name":"wp","href":"https:\/\/api.w.org\/{rel}","templated":true}]}}