{"id":6075,"date":"2024-07-08T10:43:25","date_gmt":"2024-07-08T17:43:25","guid":{"rendered":"https:\/\/elreporterodelacomunidad.com\/?p=6075"},"modified":"2024-07-08T14:52:02","modified_gmt":"2024-07-08T21:52:02","slug":"investiga-fgjes-ataque-en-vivienda-en-caborca","status":"publish","type":"post","link":"https:\/\/elreporterodelacomunidad.com\/index.php\/2024\/07\/08\/investiga-fgjes-ataque-en-vivienda-en-caborca\/","title":{"rendered":"Investiga FGJES ataque con drones en vivienda en Caborca."},"content":{"rendered":"\n<p><\/p>\n\n\n\n<p>Caborca, Sonora, 8 de julio de 2024.- La Fiscal\u00eda General de Justicia del Estado de Sonora (FGJES) investiga un ataque ocurrido en Caborca, Sonora, efectuado en contra de una vivienda, hecho que dej\u00f3 como resultado a tres mujeres con lesiones que tardan menos de 15 d\u00edas en sanar.<\/p>\n\n\n\n<p>Se tuvo conocimiento de los hechos a las 23:10 horas del pasado s\u00e1bado 7 de julio, respecto a un domicilio ubicado en las calles Esquer entre el Pante\u00f3n y Carretera a las Cocheras, sitio donde se desarrollaba un festejo.<\/p>\n\n\n\n<p>Las primeras investigaciones se\u00f1alan que ocurri\u00f3 un ataque que dej\u00f3 lesionadas a tres mujeres, F\u00e1tima &#8220;N&#8221;, Evelyn &#8220;N&#8221; y Liliana Sugey &#8220;N&#8221; de 37, 45 y 43 a\u00f1os. Se tiene conocimiento que el domicilio donde fue la agresi\u00f3n es propiedad de un integrante de la delincuencia organizada de la regi\u00f3n, sujeto que es hermano de una de las lesionadas.<\/p>\n\n\n\n<p>Una vez constituidos en el sitio, personal de Servicios Periciales proces\u00f3 el lugar e hizo levantamiento de indicios que servir\u00e1n para el esclarecimiento de este hecho.<\/p>\n\n\n\n<p>Respecto a las personas lesionadas, est\u00e1s fueron trasladadas a recibir atenci\u00f3n m\u00e9dica y fueron diagnosticadas con lesiones que no ponen en riesgo la vida.<\/p>\n","protected":false},"excerpt":{"rendered":"<p>Caborca, Sonora, 8 de julio de 2024.- La Fiscal\u00eda General de Justicia del Estado de Sonora (FGJES) investiga un ataque ocurrido en Caborca, Sonora, efectuado en contra de una vivienda, hecho que dej\u00f3 como resultado a tres mujeres con lesiones que tardan menos de 15 d\u00edas en sanar. Se tuvo conocimiento de los hechos a [&hellip;]<\/p>\n","protected":false},"author":1,"featured_media":6076,"comment_status":"open","ping_status":"open","sticky":false,"template":"","format":"standard","meta":{"footnotes":""},"categories":[32,39],"tags":[],"class_list":["post-6075","post","type-post","status-publish","format-standard","has-post-thumbnail","hentry","category-policiaca","category-politica"],"_links":{"self":[{"href":"https:\/\/elreporterodelacomunidad.com\/index.php\/wp-json\/wp\/v2\/posts\/6075","targetHints":{"allow":["GET"]}}],"collection":[{"href":"https:\/\/elreporterodelacomunidad.com\/index.php\/wp-json\/wp\/v2\/posts"}],"about":[{"href":"https:\/\/elreporterodelacomunidad.com\/index.php\/wp-json\/wp\/v2\/types\/post"}],"author":[{"embeddable":true,"href":"https:\/\/elreporterodelacomunidad.com\/index.php\/wp-json\/wp\/v2\/users\/1"}],"replies":[{"embeddable":true,"href":"https:\/\/elreporterodelacomunidad.com\/index.php\/wp-json\/wp\/v2\/comments?post=6075"}],"version-history":[{"count":2,"href":"https:\/\/elreporterodelacomunidad.com\/index.php\/wp-json\/wp\/v2\/posts\/6075\/revisions"}],"predecessor-version":[{"id":6084,"href":"https:\/\/elreporterodelacomunidad.com\/index.php\/wp-json\/wp\/v2\/posts\/6075\/revisions\/6084"}],"wp:featuredmedia":[{"embeddable":true,"href":"https:\/\/elreporterodelacomunidad.com\/index.php\/wp-json\/wp\/v2\/media\/6076"}],"wp:attachment":[{"href":"https:\/\/elreporterodelacomunidad.com\/index.php\/wp-json\/wp\/v2\/media?parent=6075"}],"wp:term":[{"taxonomy":"category","embeddable":true,"href":"https:\/\/elreporterodelacomunidad.com\/index.php\/wp-json\/wp\/v2\/categories?post=6075"},{"taxonomy":"post_tag","embeddable":true,"href":"https:\/\/elreporterodelacomunidad.com\/index.php\/wp-json\/wp\/v2\/tags?post=6075"}],"curies":[{"name":"wp","href":"https:\/\/api.w.org\/{rel}","templated":true}]}}