{"id":6061,"date":"2024-07-08T09:09:06","date_gmt":"2024-07-08T16:09:06","guid":{"rendered":"https:\/\/elreporterodelacomunidad.com\/?p=6061"},"modified":"2024-07-08T09:09:08","modified_gmt":"2024-07-08T16:09:08","slug":"choque-deja-sin-vida-a-una-mujer-y-varios-lesionados-en-san-carlos","status":"publish","type":"post","link":"https:\/\/elreporterodelacomunidad.com\/index.php\/2024\/07\/08\/choque-deja-sin-vida-a-una-mujer-y-varios-lesionados-en-san-carlos\/","title":{"rendered":"Choque deja sin vida a una mujer y varios lesionados en San Carlos."},"content":{"rendered":"\n<p>Hasta el momento se desconoce el nombre de la joven fallecida y el estado de salud de su acompa\u00f1ante.<\/p>\n\n\n\n<p><\/p>\n\n\n\n<p>Hermosillo, Sonora a 07 de Julio del 2024.- Una mujer muerta y cuatro personas lesionadas fue el saldo que dej\u00f3 un choque entre dos veh\u00edculos sobre el bulevar Tetakawi, en San Carlos, en hechos ocurridos durante la madrugada de este domingo.<\/p>\n\n\n\n<p>Alrededor de las 3:30 horas de este 7 de julio, se report\u00f3 el incidente vial a la altura de la glorieta de las letras Las Iguanas, cuando por alcance impactaron dos veh\u00edculos que circulaban de poniente a oriente sobre la vialidad, donde hab\u00edan quedado varias personas lesionadas y una prensada.<\/p>\n\n\n\n<p>Autoridades fueron alertadas sobre el siniestro, dirigi\u00e9ndose al lugar elementos de Bomberos, Polic\u00eda de Tr\u00e1nsito y param\u00e9dicos de Cruz Roja, quienes se encargaron de trasladar a cuatro personas lesionadas a un hospital para su atenci\u00f3n m\u00e9dica.<\/p>\n\n\n\n<p>Mientras tanto, al sitio acudieron Servicios Periciales de la Fiscal\u00eda General de Justicia del Estado (FGJE) para realizar las indagatorias correspondientes para determinar las causas del accidente.<\/p>\n\n\n\n<p>En el lugar de los hechos, los oficiales encontraron al veh\u00edculo Nissan Versa de color gris impactado en la parte frontal, quedando en los cajones de estacionamiento junto al bulevar.<\/p>\n\n\n\n<p>Fue al interior de esta unidad, la cual presentaba da\u00f1os considerables en la carrocer\u00eda y parte frontal, donde localizaron en el asiento del piloto a una joven mujer sin vida, quien hasta el momento no ha sido identificada oficialmente.<\/p>\n\n\n\n<p>Asimismo, se presume que la mujer no viajaba sola, pues del mismo veh\u00edculo sed\u00e1n se logr\u00f3 rescatar a una persona, quien fue trasladada a recibir atenci\u00f3n m\u00e9dica, aunque se desconoce su estado de salud.<\/p>\n\n\n\n<p>Por otro lado, a 48 metros adelante sobre el mismo bulevar, fue localizado un veh\u00edculo tipo camioneta de la marca Ford, color gris, la cual presentaba da\u00f1os en la parte trasera, por lo sus tripulantes tuvieron que ser trasladados a recibir atenci\u00f3n m\u00e9dica a un hospital.<\/p>\n","protected":false},"excerpt":{"rendered":"<p>Hasta el momento se desconoce el nombre de la joven fallecida y el estado de salud de su acompa\u00f1ante. Hermosillo, Sonora a 07 de Julio del 2024.- Una mujer muerta y cuatro personas lesionadas fue el saldo que dej\u00f3 un choque entre dos veh\u00edculos sobre el bulevar Tetakawi, en San Carlos, en hechos ocurridos durante [&hellip;]<\/p>\n","protected":false},"author":1,"featured_media":6062,"comment_status":"open","ping_status":"open","sticky":false,"template":"","format":"standard","meta":{"footnotes":""},"categories":[32,39],"tags":[],"class_list":["post-6061","post","type-post","status-publish","format-standard","has-post-thumbnail","hentry","category-policiaca","category-politica"],"_links":{"self":[{"href":"https:\/\/elreporterodelacomunidad.com\/index.php\/wp-json\/wp\/v2\/posts\/6061","targetHints":{"allow":["GET"]}}],"collection":[{"href":"https:\/\/elreporterodelacomunidad.com\/index.php\/wp-json\/wp\/v2\/posts"}],"about":[{"href":"https:\/\/elreporterodelacomunidad.com\/index.php\/wp-json\/wp\/v2\/types\/post"}],"author":[{"embeddable":true,"href":"https:\/\/elreporterodelacomunidad.com\/index.php\/wp-json\/wp\/v2\/users\/1"}],"replies":[{"embeddable":true,"href":"https:\/\/elreporterodelacomunidad.com\/index.php\/wp-json\/wp\/v2\/comments?post=6061"}],"version-history":[{"count":1,"href":"https:\/\/elreporterodelacomunidad.com\/index.php\/wp-json\/wp\/v2\/posts\/6061\/revisions"}],"predecessor-version":[{"id":6063,"href":"https:\/\/elreporterodelacomunidad.com\/index.php\/wp-json\/wp\/v2\/posts\/6061\/revisions\/6063"}],"wp:featuredmedia":[{"embeddable":true,"href":"https:\/\/elreporterodelacomunidad.com\/index.php\/wp-json\/wp\/v2\/media\/6062"}],"wp:attachment":[{"href":"https:\/\/elreporterodelacomunidad.com\/index.php\/wp-json\/wp\/v2\/media?parent=6061"}],"wp:term":[{"taxonomy":"category","embeddable":true,"href":"https:\/\/elreporterodelacomunidad.com\/index.php\/wp-json\/wp\/v2\/categories?post=6061"},{"taxonomy":"post_tag","embeddable":true,"href":"https:\/\/elreporterodelacomunidad.com\/index.php\/wp-json\/wp\/v2\/tags?post=6061"}],"curies":[{"name":"wp","href":"https:\/\/api.w.org\/{rel}","templated":true}]}}