{"id":5995,"date":"2024-07-05T19:36:36","date_gmt":"2024-07-06T02:36:36","guid":{"rendered":"https:\/\/elreporterodelacomunidad.com\/?p=5995"},"modified":"2024-07-05T19:36:41","modified_gmt":"2024-07-06T02:36:41","slug":"fgje-investiga-choque-de-exboxeador-sonorense-que-dejo-sin-vida-a-un-hombre","status":"publish","type":"post","link":"https:\/\/elreporterodelacomunidad.com\/index.php\/2024\/07\/05\/fgje-investiga-choque-de-exboxeador-sonorense-que-dejo-sin-vida-a-un-hombre\/","title":{"rendered":"FGJE investiga choque de exboxeador sonorense que dej\u00f3 sin vida a un hombre."},"content":{"rendered":"\n<p>El hecho se registr\u00f3 en Cajeme a las 2:30 horas de la ma\u00f1ana, cuando perdi\u00f3 el control del veh\u00edculo que conduc\u00eda perjudicando a una familia de la colonia Misi\u00f3n del Real.<\/p>\n\n\n\n<p><\/p>\n\n\n\n<p>Ciudad Obreg\u00f3n a 05 de Julio del 2024.- En un esc\u00e1ndalo m\u00e1s, pero ahora con consecuencias fatales, est\u00e1 relacionado al ex boxeador sonorense Orlando \u201cN\u201d, al trascender que particip\u00f3 en un accidente en el que un hombre muri\u00f3 presuntamente por su culpa, cuyo acto ya es investigado por la Fiscal\u00eda General de Justicia del Estado (FGJE).<\/p>\n\n\n\n<p>Representantes de esa instancia indican que el ex diputado local por el Partido del Trabajo (PT) conduc\u00eda un pick up de modelo reciente, aparentemente a exceso de velocidad por calles del fraccionamiento Misi\u00f3n del Real, del cual perdi\u00f3 el control y se impact\u00f3 contra una vivienda.<\/p>\n\n\n\n<p>Se estima que el incidente se origin\u00f3 alrededor de las 2:30 de la ma\u00f1ana en las calles Obrero Mundial y Real de Marbella, donde justo en la esquina vive una familia, de la cual uno de sus integrantes, Jos\u00e9 Luis &#8220;N&#8221; de 61 a\u00f1os, sufri\u00f3 lesiones severas que lo privaron de la vida.<\/p>\n\n\n\n<p>De igual forma, Blanca Esthela &#8220;N&#8221; de 57 a\u00f1os y su hijo, Luis Manuel &#8220;N&#8221; de 21 a\u00f1os resultaron lesionados a consecuencia del impacto que recibieron, pues la unidad derrib\u00f3 parte de la pared del cuarto en el que dorm\u00edan.<\/p>\n\n\n\n<p>El se\u00f1alado tambi\u00e9n present\u00f3 da\u00f1os f\u00edsicos, por lo que todos los involucrados fueron trasladados a recibir atenci\u00f3n m\u00e9dica, pero en el caso de Jos\u00e9 Luis &#8220;N&#8221;, no logr\u00f3 ser estabilizado y muri\u00f3.<\/p>\n\n\n\n<p>Dado a que est\u00e1 relacionado como el responsable del hecho, se encuentra bajo revisi\u00f3n de m\u00e9dicos, sin embargo cuenta con vigilancia polic\u00edaca, para que una vez que pueda responder sea puesto a disposici\u00f3n del Ministerio P\u00fablico.<\/p>\n\n\n\n<p>Personal de la Fiscal\u00eda General de Justicia del Estado atrajo el caso para realizar las indagatorias y esclarecer el hecho, a partir de los testigos y pruebas que se recaben en el lugar.<\/p>\n\n\n\n<p>Sobre los da\u00f1os materiales, se estima que es un monto que supera los 300 mil pesos, dado que casi una tercera parte de la vivienda qued\u00f3 destruida.<\/p>\n\n\n\n<p>Antecedentes<\/p>\n\n\n\n<p>En los \u00faltimos a\u00f1os, el ex campe\u00f3n del mundo ha protagonizado zafarranchos, robos y agresiones, lo cual lo han puesto en varias ocasiones en el &#8220;ojo del hurac\u00e1n&#8221; por sus actos, la mayor\u00eda de ellos en su municipio natal, Cajeme.<\/p>\n\n\n\n<p>Dentro de los esc\u00e1ndalos m\u00e1s sonados est\u00e1 el haber sido se\u00f1alado por sustraer de una tienda de conveniencia un paquete de cerveza, sin haberlo pagado; despu\u00e9s de le acus\u00f3 de haber arremetido a golpes contra un guardia de seguridad en un antro en esa localidad.<\/p>\n\n\n\n<p>Tambi\u00e9n una de sus ex parejas lo acus\u00f3 de violencia f\u00edsica y psicol\u00f3gica, lo cual el ex legislador neg\u00f3 en su momento, entre otras situaciones que generaron opiniones divididas entre sus seguidores y la sociedad.<\/p>\n","protected":false},"excerpt":{"rendered":"<p>El hecho se registr\u00f3 en Cajeme a las 2:30 horas de la ma\u00f1ana, cuando perdi\u00f3 el control del veh\u00edculo que conduc\u00eda perjudicando a una familia de la colonia Misi\u00f3n del Real. Ciudad Obreg\u00f3n a 05 de Julio del 2024.- En un esc\u00e1ndalo m\u00e1s, pero ahora con consecuencias fatales, est\u00e1 relacionado al ex boxeador sonorense Orlando [&hellip;]<\/p>\n","protected":false},"author":1,"featured_media":5996,"comment_status":"open","ping_status":"open","sticky":false,"template":"","format":"standard","meta":{"footnotes":""},"categories":[32,39,26],"tags":[],"class_list":["post-5995","post","type-post","status-publish","format-standard","has-post-thumbnail","hentry","category-policiaca","category-politica","category-principal"],"_links":{"self":[{"href":"https:\/\/elreporterodelacomunidad.com\/index.php\/wp-json\/wp\/v2\/posts\/5995","targetHints":{"allow":["GET"]}}],"collection":[{"href":"https:\/\/elreporterodelacomunidad.com\/index.php\/wp-json\/wp\/v2\/posts"}],"about":[{"href":"https:\/\/elreporterodelacomunidad.com\/index.php\/wp-json\/wp\/v2\/types\/post"}],"author":[{"embeddable":true,"href":"https:\/\/elreporterodelacomunidad.com\/index.php\/wp-json\/wp\/v2\/users\/1"}],"replies":[{"embeddable":true,"href":"https:\/\/elreporterodelacomunidad.com\/index.php\/wp-json\/wp\/v2\/comments?post=5995"}],"version-history":[{"count":1,"href":"https:\/\/elreporterodelacomunidad.com\/index.php\/wp-json\/wp\/v2\/posts\/5995\/revisions"}],"predecessor-version":[{"id":5997,"href":"https:\/\/elreporterodelacomunidad.com\/index.php\/wp-json\/wp\/v2\/posts\/5995\/revisions\/5997"}],"wp:featuredmedia":[{"embeddable":true,"href":"https:\/\/elreporterodelacomunidad.com\/index.php\/wp-json\/wp\/v2\/media\/5996"}],"wp:attachment":[{"href":"https:\/\/elreporterodelacomunidad.com\/index.php\/wp-json\/wp\/v2\/media?parent=5995"}],"wp:term":[{"taxonomy":"category","embeddable":true,"href":"https:\/\/elreporterodelacomunidad.com\/index.php\/wp-json\/wp\/v2\/categories?post=5995"},{"taxonomy":"post_tag","embeddable":true,"href":"https:\/\/elreporterodelacomunidad.com\/index.php\/wp-json\/wp\/v2\/tags?post=5995"}],"curies":[{"name":"wp","href":"https:\/\/api.w.org\/{rel}","templated":true}]}}