{"id":5992,"date":"2024-07-05T19:27:52","date_gmt":"2024-07-06T02:27:52","guid":{"rendered":"https:\/\/elreporterodelacomunidad.com\/?p=5992"},"modified":"2024-07-05T19:27:54","modified_gmt":"2024-07-06T02:27:54","slug":"mas-de-16-anos-de-prision-para-miguel-angel-n-por-violacion","status":"publish","type":"post","link":"https:\/\/elreporterodelacomunidad.com\/index.php\/2024\/07\/05\/mas-de-16-anos-de-prision-para-miguel-angel-n-por-violacion\/","title":{"rendered":"M\u00e1s de 16 a\u00f1os de prisi\u00f3n para Miguel \u00c1ngel \u201cN\u201d por violaci\u00f3n."},"content":{"rendered":"\n<p><\/p>\n\n\n\n<p>Navojoa, Sonora, 5 de julio de 2024.- Debido a su probada responsabilidad por el delito de violaci\u00f3n equiparada agravada cometido en perjuicio de una menor de edad, la Fiscal\u00eda General de Justicia del Estado de Sonora (FGJES) logr\u00f3 que un Juez sentenciara a Miguel \u00c1ngel \u201cN\u201d a 16 a\u00f1os y 3 meses de prisi\u00f3n.<\/p>\n\n\n\n<p>De acuerdo con la carpeta de investigaci\u00f3n, el 25 de diciembre del 2022, cerca de las 03:00 horas, el sujeto, que en ese entonces contaba con 21 a\u00f1os, se introdujo en la rec\u00e1mara donde la menor de edad dorm\u00eda, aprovechando la relaci\u00f3n familiar.<\/p>\n\n\n\n<p>El sujeto comenz\u00f3 a tocarla para despu\u00e9s cometer el delito de violaci\u00f3n equiparada agravada, en el dormitorio al cual se hab\u00eda introducido ubicado en una vivienda de la colonia Tetanchopo en Navojoa, Sonora.<\/p>\n\n\n\n<p>Con diversas pruebas tanto testimoniales como cient\u00edficas, se logr\u00f3 acreditar ante el Juez a Miguel \u00c1ngel \u201cN\u201d, como responsable de los hechos, por lo que se le impuso la sentencia mencionada.<\/p>\n\n\n\n<p>La Fiscal\u00eda General de Justicia del Estado de Sonora (FGJES) reafirma de esta forma su compromiso con el combate a los delitos sexuales, as\u00ed como con la b\u00fasqueda del acceso a la justicia para las v\u00edctimas y el acceso a las mujeres a una vida libre de violencia.<\/p>\n","protected":false},"excerpt":{"rendered":"<p>Navojoa, Sonora, 5 de julio de 2024.- Debido a su probada responsabilidad por el delito de violaci\u00f3n equiparada agravada cometido en perjuicio de una menor de edad, la Fiscal\u00eda General de Justicia del Estado de Sonora (FGJES) logr\u00f3 que un Juez sentenciara a Miguel \u00c1ngel \u201cN\u201d a 16 a\u00f1os y 3 meses de prisi\u00f3n. De [&hellip;]<\/p>\n","protected":false},"author":1,"featured_media":5993,"comment_status":"open","ping_status":"open","sticky":false,"template":"","format":"standard","meta":{"footnotes":""},"categories":[32,39],"tags":[],"class_list":["post-5992","post","type-post","status-publish","format-standard","has-post-thumbnail","hentry","category-policiaca","category-politica"],"_links":{"self":[{"href":"https:\/\/elreporterodelacomunidad.com\/index.php\/wp-json\/wp\/v2\/posts\/5992","targetHints":{"allow":["GET"]}}],"collection":[{"href":"https:\/\/elreporterodelacomunidad.com\/index.php\/wp-json\/wp\/v2\/posts"}],"about":[{"href":"https:\/\/elreporterodelacomunidad.com\/index.php\/wp-json\/wp\/v2\/types\/post"}],"author":[{"embeddable":true,"href":"https:\/\/elreporterodelacomunidad.com\/index.php\/wp-json\/wp\/v2\/users\/1"}],"replies":[{"embeddable":true,"href":"https:\/\/elreporterodelacomunidad.com\/index.php\/wp-json\/wp\/v2\/comments?post=5992"}],"version-history":[{"count":1,"href":"https:\/\/elreporterodelacomunidad.com\/index.php\/wp-json\/wp\/v2\/posts\/5992\/revisions"}],"predecessor-version":[{"id":5994,"href":"https:\/\/elreporterodelacomunidad.com\/index.php\/wp-json\/wp\/v2\/posts\/5992\/revisions\/5994"}],"wp:featuredmedia":[{"embeddable":true,"href":"https:\/\/elreporterodelacomunidad.com\/index.php\/wp-json\/wp\/v2\/media\/5993"}],"wp:attachment":[{"href":"https:\/\/elreporterodelacomunidad.com\/index.php\/wp-json\/wp\/v2\/media?parent=5992"}],"wp:term":[{"taxonomy":"category","embeddable":true,"href":"https:\/\/elreporterodelacomunidad.com\/index.php\/wp-json\/wp\/v2\/categories?post=5992"},{"taxonomy":"post_tag","embeddable":true,"href":"https:\/\/elreporterodelacomunidad.com\/index.php\/wp-json\/wp\/v2\/tags?post=5992"}],"curies":[{"name":"wp","href":"https:\/\/api.w.org\/{rel}","templated":true}]}}