{"id":5986,"date":"2024-07-05T19:24:24","date_gmt":"2024-07-06T02:24:24","guid":{"rendered":"https:\/\/elreporterodelacomunidad.com\/?p=5986"},"modified":"2024-07-05T19:24:28","modified_gmt":"2024-07-06T02:24:28","slug":"capturan-a-docente-implicado-en-caso-de-abuso-sexual-en-guaymas","status":"publish","type":"post","link":"https:\/\/elreporterodelacomunidad.com\/index.php\/2024\/07\/05\/capturan-a-docente-implicado-en-caso-de-abuso-sexual-en-guaymas\/","title":{"rendered":"Capturan a docente implicado en caso de abuso sexual en Guaymas."},"content":{"rendered":"\n<p>Se formul\u00f3 imputaci\u00f3n y se mantiene en prisi\u00f3n preventiva justificada; defensa solicit\u00f3 ampliaci\u00f3n de t\u00e9rmino a 72 horas para vinculaci\u00f3n a proceso.<\/p>\n\n\n\n<p><\/p>\n\n\n\n<p>Guaymas, Sonora, 5 de julio de 2024.- Como probable responsable de abuso sexual agravado en agravio de cuatro ni\u00f1os, de entre 7 y 10 a\u00f1os de edad, Sergio Eduardo \u201cN\u201d, de 35 a\u00f1os, fue capturado por los elementos de la Agencia Ministerial de Investigaci\u00f3n Criminal (AMIC) con base en un mandato judicial.<\/p>\n\n\n\n<p>Actos de investigaci\u00f3n realizados por la Fiscal\u00eda General de Justicia del Estado de Sonora (FGJES) determinaron que el sujeto cometi\u00f3 el presunto delito de abuso sexual en contra de los menores de edad, entre enero de 2023 y el pasado mes de junio en el interior de un plantel escolar, ubicado en la colonia San Vicente, en Guaymas, Sonora.<\/p>\n\n\n\n<p>Al desempe\u00f1arse como maestro de apoyo en la instituci\u00f3n educativa, el imputado presuntamente aprovech\u00f3 la confianza depositada en \u00e9l. Por este motivo, se recabaron diversos datos de prueba, como entrevistas a los ni\u00f1os y a sus padres, con el apoyo del personal del Centro de Atenci\u00f3n a V\u00edctimas del Delito (CAVID).<\/p>\n\n\n\n<p>El agente del Ministerio P\u00fablico de esta representaci\u00f3n social solicit\u00f3 y obtuvo de un Juez la orden de aprehensi\u00f3n y orden de cateo; la diligencia se llev\u00f3 a cabo el pasado 4 de julio en la colonia Moderna, en Guaymas, donde los agentes ministeriales capturaron a Sergio Eduardo \u201cN\u201d.<\/p>\n\n\n\n<p>El probable responsable fue ingresado al Centro de Reinserci\u00f3n Social (CERESO), tras haberse formulado la imputaci\u00f3n y un Juez determinar prisi\u00f3n preventiva justificada como medida cautelar, en tanto se cumple el plazo solicitado por la defensa de 72 horas para la vinculaci\u00f3n a proceso.<\/p>\n\n\n\n<p>La Fiscal\u00eda General de Justicia del Estado de Sonora (FGJES) reafirma su compromiso con la sociedad en general de investigar y asegurar que aquellos que vulneren la seguridad de ni\u00f1as, ni\u00f1os y adolescentes enfrenten las consecuencias legales correspondientes con todo rigor.<\/p>\n","protected":false},"excerpt":{"rendered":"<p>Se formul\u00f3 imputaci\u00f3n y se mantiene en prisi\u00f3n preventiva justificada; defensa solicit\u00f3 ampliaci\u00f3n de t\u00e9rmino a 72 horas para vinculaci\u00f3n a proceso. Guaymas, Sonora, 5 de julio de 2024.- Como probable responsable de abuso sexual agravado en agravio de cuatro ni\u00f1os, de entre 7 y 10 a\u00f1os de edad, Sergio Eduardo \u201cN\u201d, de 35 a\u00f1os, [&hellip;]<\/p>\n","protected":false},"author":1,"featured_media":5987,"comment_status":"open","ping_status":"open","sticky":false,"template":"","format":"standard","meta":{"footnotes":""},"categories":[32,39],"tags":[],"class_list":["post-5986","post","type-post","status-publish","format-standard","has-post-thumbnail","hentry","category-policiaca","category-politica"],"_links":{"self":[{"href":"https:\/\/elreporterodelacomunidad.com\/index.php\/wp-json\/wp\/v2\/posts\/5986","targetHints":{"allow":["GET"]}}],"collection":[{"href":"https:\/\/elreporterodelacomunidad.com\/index.php\/wp-json\/wp\/v2\/posts"}],"about":[{"href":"https:\/\/elreporterodelacomunidad.com\/index.php\/wp-json\/wp\/v2\/types\/post"}],"author":[{"embeddable":true,"href":"https:\/\/elreporterodelacomunidad.com\/index.php\/wp-json\/wp\/v2\/users\/1"}],"replies":[{"embeddable":true,"href":"https:\/\/elreporterodelacomunidad.com\/index.php\/wp-json\/wp\/v2\/comments?post=5986"}],"version-history":[{"count":1,"href":"https:\/\/elreporterodelacomunidad.com\/index.php\/wp-json\/wp\/v2\/posts\/5986\/revisions"}],"predecessor-version":[{"id":5988,"href":"https:\/\/elreporterodelacomunidad.com\/index.php\/wp-json\/wp\/v2\/posts\/5986\/revisions\/5988"}],"wp:featuredmedia":[{"embeddable":true,"href":"https:\/\/elreporterodelacomunidad.com\/index.php\/wp-json\/wp\/v2\/media\/5987"}],"wp:attachment":[{"href":"https:\/\/elreporterodelacomunidad.com\/index.php\/wp-json\/wp\/v2\/media?parent=5986"}],"wp:term":[{"taxonomy":"category","embeddable":true,"href":"https:\/\/elreporterodelacomunidad.com\/index.php\/wp-json\/wp\/v2\/categories?post=5986"},{"taxonomy":"post_tag","embeddable":true,"href":"https:\/\/elreporterodelacomunidad.com\/index.php\/wp-json\/wp\/v2\/tags?post=5986"}],"curies":[{"name":"wp","href":"https:\/\/api.w.org\/{rel}","templated":true}]}}