{"id":5983,"date":"2024-07-05T19:22:05","date_gmt":"2024-07-06T02:22:05","guid":{"rendered":"https:\/\/elreporterodelacomunidad.com\/?p=5983"},"modified":"2024-07-05T19:22:08","modified_gmt":"2024-07-06T02:22:08","slug":"capturan-en-cajeme-a-conductor-de-plataforma-de-transporte-por-privacion-ilegal-de-la-libertad","status":"publish","type":"post","link":"https:\/\/elreporterodelacomunidad.com\/index.php\/2024\/07\/05\/capturan-en-cajeme-a-conductor-de-plataforma-de-transporte-por-privacion-ilegal-de-la-libertad\/","title":{"rendered":"Capturan en Cajeme a conductor de plataforma de transporte por privaci\u00f3n ilegal de la libertad."},"content":{"rendered":"\n<p><\/p>\n\n\n\n<p>Cajeme, Sonora, 5 de julio de 2024.- Elementos de la Agencia Ministerial de Investigaci\u00f3n Criminal (AMIC) capturaron a Alejandro Iv\u00e1n &#8220;N&#8221;, de 36 a\u00f1os, por su probable responsabilidad en la privaci\u00f3n ilegal de la libertad en agravio de una mujer de 29 a\u00f1os, de identidad reservada y, tras la imputaci\u00f3n del delito, el Juez determin\u00f3 prisi\u00f3n preventiva justificada.<\/p>\n\n\n\n<p>El sujeto figura en la carpeta de investigaci\u00f3n como quien, a las 23:47 horas del pasado 30 de junio, en la colonia Libertad, en Ciudad Obreg\u00f3n, municipio de Cajeme, Sonora, arrib\u00f3 en un veh\u00edculo Dodge Attitude, color gris, para recoger a la v\u00edctima, quien hab\u00eda solicitado el servicio de traslado a su domicilio por medio de una aplicaci\u00f3n.<\/p>\n\n\n\n<p>En el trayecto, el imputado desvi\u00f3 la ruta, presuntamente le quit\u00f3 el celular a la pasajera y, m\u00e1s adelante, par\u00f3 en unas calles donde sac\u00f3 un cuchillo para amenazarla, adem\u00e1s, le mostr\u00f3 un arma de fuego. Posteriormente, reanud\u00f3 la marcha y, durante el trayecto la golpe\u00f3 y comenz\u00f3 a realizarle tocamientos.<\/p>\n\n\n\n<p>Incluso pas\u00f3 por el domicilio de la perjudicada, donde la amenaz\u00f3 de muerte; luego continu\u00f3 por varias calles de la ciudad y, alrededor de las 03:40 horas, ingres\u00f3 a un motel ubicado en la Carretera Federal 15, a la salida hacia Navojoa. All\u00ed, ella aprovech\u00f3 un descuido para tomar su celular y salir a pedir ayuda, siendo auxiliada por el personal del lugar, mientras el sujeto logr\u00f3 huir.<\/p>\n\n\n\n<p>Derivado de lo anterior, se recibi\u00f3 la denuncia y se realizaron diversos actos de investigaci\u00f3n como el an\u00e1lisis de im\u00e1genes de video, entre otros datos de prueba, que un Juez aval\u00f3 para librar la orden de aprehensi\u00f3n que se cumpliment\u00f3 el pasado 4 de julio por los agentes ministeriales.<\/p>\n\n\n\n<p>Al ser presentado Alejandro Iv\u00e1n &#8220;N&#8221; ante el Juez en la audiencia inicial, se imput\u00f3 el delito de privaci\u00f3n ilegal de la libertad calificada, se le impuso la prisi\u00f3n preventiva como medida cautelar, mientras la vinculaci\u00f3n a proceso qued\u00f3 pendiente al solicitar la defensa del sujeto la ampliaci\u00f3n del t\u00e9rmino.<\/p>\n\n\n\n<p>La Fiscal\u00eda General de Justicia del Estado de Sonora (FGJES) contin\u00faa con las investigaciones del caso, con el firme prop\u00f3sito de imponer una sanci\u00f3n ejemplar al probable responsable, de garantizar que la v\u00edctima reciba justicia y pueda vivir una vida libre de violencia.<\/p>\n","protected":false},"excerpt":{"rendered":"<p>Cajeme, Sonora, 5 de julio de 2024.- Elementos de la Agencia Ministerial de Investigaci\u00f3n Criminal (AMIC) capturaron a Alejandro Iv\u00e1n &#8220;N&#8221;, de 36 a\u00f1os, por su probable responsabilidad en la privaci\u00f3n ilegal de la libertad en agravio de una mujer de 29 a\u00f1os, de identidad reservada y, tras la imputaci\u00f3n del delito, el Juez determin\u00f3 [&hellip;]<\/p>\n","protected":false},"author":1,"featured_media":5984,"comment_status":"open","ping_status":"open","sticky":false,"template":"","format":"standard","meta":{"footnotes":""},"categories":[32,39],"tags":[],"class_list":["post-5983","post","type-post","status-publish","format-standard","has-post-thumbnail","hentry","category-policiaca","category-politica"],"_links":{"self":[{"href":"https:\/\/elreporterodelacomunidad.com\/index.php\/wp-json\/wp\/v2\/posts\/5983","targetHints":{"allow":["GET"]}}],"collection":[{"href":"https:\/\/elreporterodelacomunidad.com\/index.php\/wp-json\/wp\/v2\/posts"}],"about":[{"href":"https:\/\/elreporterodelacomunidad.com\/index.php\/wp-json\/wp\/v2\/types\/post"}],"author":[{"embeddable":true,"href":"https:\/\/elreporterodelacomunidad.com\/index.php\/wp-json\/wp\/v2\/users\/1"}],"replies":[{"embeddable":true,"href":"https:\/\/elreporterodelacomunidad.com\/index.php\/wp-json\/wp\/v2\/comments?post=5983"}],"version-history":[{"count":1,"href":"https:\/\/elreporterodelacomunidad.com\/index.php\/wp-json\/wp\/v2\/posts\/5983\/revisions"}],"predecessor-version":[{"id":5985,"href":"https:\/\/elreporterodelacomunidad.com\/index.php\/wp-json\/wp\/v2\/posts\/5983\/revisions\/5985"}],"wp:featuredmedia":[{"embeddable":true,"href":"https:\/\/elreporterodelacomunidad.com\/index.php\/wp-json\/wp\/v2\/media\/5984"}],"wp:attachment":[{"href":"https:\/\/elreporterodelacomunidad.com\/index.php\/wp-json\/wp\/v2\/media?parent=5983"}],"wp:term":[{"taxonomy":"category","embeddable":true,"href":"https:\/\/elreporterodelacomunidad.com\/index.php\/wp-json\/wp\/v2\/categories?post=5983"},{"taxonomy":"post_tag","embeddable":true,"href":"https:\/\/elreporterodelacomunidad.com\/index.php\/wp-json\/wp\/v2\/tags?post=5983"}],"curies":[{"name":"wp","href":"https:\/\/api.w.org\/{rel}","templated":true}]}}