{"id":5968,"date":"2024-07-04T14:11:33","date_gmt":"2024-07-04T21:11:33","guid":{"rendered":"https:\/\/elreporterodelacomunidad.com\/?p=5968"},"modified":"2024-07-04T14:11:34","modified_gmt":"2024-07-04T21:11:34","slug":"capturan-a-pareja-por-homicidio-infantil-ambos-quedaron-vinculados-a-proceso","status":"publish","type":"post","link":"https:\/\/elreporterodelacomunidad.com\/index.php\/2024\/07\/04\/capturan-a-pareja-por-homicidio-infantil-ambos-quedaron-vinculados-a-proceso\/","title":{"rendered":"Capturan a pareja por homicidio infantil, ambos quedaron vinculados a proceso."},"content":{"rendered":"\n<p><\/p>\n\n\n\n<p><strong>Hermosillo, Sonora, 4 de julio de 2024.-<\/strong>&nbsp;Elementos de la Agencia Ministerial de Investigaci\u00f3n Criminal (AMIC) capturaron a Thamara Alejandra \u201cN\u201d y a Francisco Javier \u201cN\u201d por su probable responsabilidad en el delito de homicidio infantil en agravio de un reci\u00e9n nacido, hijo de la mujer, cuyo cuerpo fue encontrado abandonado en un predio bald\u00edo el 24 de septiembre de 2021; ambos ya est\u00e1n vinculados a proceso y en prisi\u00f3n preventiva justificada.<\/p>\n\n\n\n<p>Diversos actos de investigaci\u00f3n establecieron que la mujer dio a luz a un ni\u00f1o alrededor de las 12:00 horas del 22 de septiembre de 2021, en el interior de un domicilio ubicado en la colonia Palo Fierro, en Hermosillo, Sonora, y, con la ayuda del hombre, coloc\u00f3 al beb\u00e9 en una cubeta de 19 litros sin brindarle la atenci\u00f3n m\u00e9dica adecuada.<\/p>\n\n\n\n<p>El infante falleci\u00f3; posteriormente, resguardaron el cuerpo del reci\u00e9n nacido en un congelador durante dos d\u00edas, luego sacaron el cad\u00e1ver envuelto en bolsas negras, salieron a bordo de un veh\u00edculo Chevrolet Aveo y lo abandonaron cerca de la colonia Pueblitos, donde despu\u00e9s fue localizado.<\/p>\n\n\n\n<p>Thamara Alejandra \u201cN\u201d y Francisco Javier \u201cN\u201d fueron aprehendidos el pasado 3 de julio en el bulevar Progreso y Sierra de los Mochomos, en la colonia Solidaridad. Posteriormente, con los datos de prueba presentados en la audiencia quedaron vinculados a proceso y en prisi\u00f3n preventiva justificada.<\/p>\n\n\n\n<p>La Fiscal\u00eda General de Justicia del Estado de Sonora (FGJES) contin\u00faa con las investigaciones pertinentes para robustecer la carpeta de investigaci\u00f3n, con el objetivo de lograr una condena ejemplar en los tribunales por este delito que ha causado conmoci\u00f3n en la sociedad.<\/p>\n","protected":false},"excerpt":{"rendered":"<p>Hermosillo, Sonora, 4 de julio de 2024.-&nbsp;Elementos de la Agencia Ministerial de Investigaci\u00f3n Criminal (AMIC) capturaron a Thamara Alejandra \u201cN\u201d y a Francisco Javier \u201cN\u201d por su probable responsabilidad en el delito de homicidio infantil en agravio de un reci\u00e9n nacido, hijo de la mujer, cuyo cuerpo fue encontrado abandonado en un predio bald\u00edo el [&hellip;]<\/p>\n","protected":false},"author":1,"featured_media":5969,"comment_status":"open","ping_status":"open","sticky":false,"template":"","format":"standard","meta":{"footnotes":""},"categories":[32,39,26],"tags":[],"class_list":["post-5968","post","type-post","status-publish","format-standard","has-post-thumbnail","hentry","category-policiaca","category-politica","category-principal"],"_links":{"self":[{"href":"https:\/\/elreporterodelacomunidad.com\/index.php\/wp-json\/wp\/v2\/posts\/5968","targetHints":{"allow":["GET"]}}],"collection":[{"href":"https:\/\/elreporterodelacomunidad.com\/index.php\/wp-json\/wp\/v2\/posts"}],"about":[{"href":"https:\/\/elreporterodelacomunidad.com\/index.php\/wp-json\/wp\/v2\/types\/post"}],"author":[{"embeddable":true,"href":"https:\/\/elreporterodelacomunidad.com\/index.php\/wp-json\/wp\/v2\/users\/1"}],"replies":[{"embeddable":true,"href":"https:\/\/elreporterodelacomunidad.com\/index.php\/wp-json\/wp\/v2\/comments?post=5968"}],"version-history":[{"count":1,"href":"https:\/\/elreporterodelacomunidad.com\/index.php\/wp-json\/wp\/v2\/posts\/5968\/revisions"}],"predecessor-version":[{"id":5970,"href":"https:\/\/elreporterodelacomunidad.com\/index.php\/wp-json\/wp\/v2\/posts\/5968\/revisions\/5970"}],"wp:featuredmedia":[{"embeddable":true,"href":"https:\/\/elreporterodelacomunidad.com\/index.php\/wp-json\/wp\/v2\/media\/5969"}],"wp:attachment":[{"href":"https:\/\/elreporterodelacomunidad.com\/index.php\/wp-json\/wp\/v2\/media?parent=5968"}],"wp:term":[{"taxonomy":"category","embeddable":true,"href":"https:\/\/elreporterodelacomunidad.com\/index.php\/wp-json\/wp\/v2\/categories?post=5968"},{"taxonomy":"post_tag","embeddable":true,"href":"https:\/\/elreporterodelacomunidad.com\/index.php\/wp-json\/wp\/v2\/tags?post=5968"}],"curies":[{"name":"wp","href":"https:\/\/api.w.org\/{rel}","templated":true}]}}