{"id":5898,"date":"2024-07-02T19:47:01","date_gmt":"2024-07-03T02:47:01","guid":{"rendered":"https:\/\/elreporterodelacomunidad.com\/?p=5898"},"modified":"2024-07-02T19:47:45","modified_gmt":"2024-07-03T02:47:45","slug":"vinculado-a-proceso-probable-responsable-del-homicidio-de-funcionario-municipal-de-cajeme","status":"publish","type":"post","link":"https:\/\/elreporterodelacomunidad.com\/index.php\/2024\/07\/02\/vinculado-a-proceso-probable-responsable-del-homicidio-de-funcionario-municipal-de-cajeme\/","title":{"rendered":"Vinculado a proceso probable responsable del homicidio de funcionario municipal de Cajeme."},"content":{"rendered":"\n<p>Cajeme, Sonora, 2 de julio de 2024.- Debido a su probable responsabilidad por los delitos de robo con violencia en las personas y homicidio calificado, la Fiscal\u00eda General de Justicia del Estado de Sonora (FGJES) logr\u00f3 que un Juez vinculara a proceso e impusiera la medida cautelar de prisi\u00f3n preventiva justificada a Romeo Joaqu\u00edn \u201cN\u201d, a quien se le imputa el haber privado de la vida a Luis Miguel \u201cN\u201d, el pasado 25 de junio.<\/p>\n\n\n\n<p>La carpeta de investigaci\u00f3n iniciada por el Ministerio P\u00fablico establece la probable responsabilidad del imputado, quien presuntamente particip\u00f3 en el robo a una familia y posterior homicidio de uno de sus integrantes, hechos ocurridos en la Carretera Federal M\u00e9xico 15, tramo B\u00e1cum-V\u00edcam, kil\u00f3metro 32, en el municipio de B\u00e1cum, Sonora.<\/p>\n\n\n\n<p>De acuerdo a la investigaci\u00f3n, Romeo Joaqu\u00edn \u201cN\u201d, en compa\u00f1\u00eda de un copart\u00edcipe, cortaron circulaci\u00f3n al veh\u00edculo que transportaba a las v\u00edctimas, a quienes despojaron de dinero en efectivo, un tel\u00e9fono celular Samsung gris y documentos personales; posteriormente, Luis Miguel \u201cN\u201d recibi\u00f3 dos disparos de arma de fuego, falleciendo en el lugar.<\/p>\n\n\n\n<p>Una vez que las autoridades tuvieron conocimiento de estos hechos se iniciaron las acciones por parte de esta representaci\u00f3n social, se ejecutaron diligencias de cateo y en una de ellas, se logr\u00f3 la captura de Romeo Joaqu\u00edn \u201cN\u201d.<\/p>\n\n\n\n<p>Hasta el momento s\u00f3lo se acredit\u00f3 la probable responsabilidad de Romeo Joaqu\u00edn \u201cN\u201d por los hechos referidos y se ha establecido la identidad del copart\u00edcipe del delito de robo con violencia en las personas y homicidio calificado, en cuya captura ya se trabaja.<\/p>\n\n\n\n<p>La Fiscal\u00eda General de Justicia del Estado de Sonora (FGJES) reitera su compromiso con la b\u00fasqueda del cumplimiento del derecho de acceso a la justicia por lo que se efect\u00faan las investigaciones complementarias a fin de fortalecer la carpeta de investigaci\u00f3n para las futuras etapas del proceso.<\/p>\n","protected":false},"excerpt":{"rendered":"<p>Cajeme, Sonora, 2 de julio de 2024.- Debido a su probable responsabilidad por los delitos de robo con violencia en las personas y homicidio calificado, la Fiscal\u00eda General de Justicia del Estado de Sonora (FGJES) logr\u00f3 que un Juez vinculara a proceso e impusiera la medida cautelar de prisi\u00f3n preventiva justificada a Romeo Joaqu\u00edn \u201cN\u201d, [&hellip;]<\/p>\n","protected":false},"author":1,"featured_media":5899,"comment_status":"open","ping_status":"open","sticky":false,"template":"","format":"standard","meta":{"footnotes":""},"categories":[32,39],"tags":[],"class_list":["post-5898","post","type-post","status-publish","format-standard","has-post-thumbnail","hentry","category-policiaca","category-politica"],"_links":{"self":[{"href":"https:\/\/elreporterodelacomunidad.com\/index.php\/wp-json\/wp\/v2\/posts\/5898","targetHints":{"allow":["GET"]}}],"collection":[{"href":"https:\/\/elreporterodelacomunidad.com\/index.php\/wp-json\/wp\/v2\/posts"}],"about":[{"href":"https:\/\/elreporterodelacomunidad.com\/index.php\/wp-json\/wp\/v2\/types\/post"}],"author":[{"embeddable":true,"href":"https:\/\/elreporterodelacomunidad.com\/index.php\/wp-json\/wp\/v2\/users\/1"}],"replies":[{"embeddable":true,"href":"https:\/\/elreporterodelacomunidad.com\/index.php\/wp-json\/wp\/v2\/comments?post=5898"}],"version-history":[{"count":1,"href":"https:\/\/elreporterodelacomunidad.com\/index.php\/wp-json\/wp\/v2\/posts\/5898\/revisions"}],"predecessor-version":[{"id":5900,"href":"https:\/\/elreporterodelacomunidad.com\/index.php\/wp-json\/wp\/v2\/posts\/5898\/revisions\/5900"}],"wp:featuredmedia":[{"embeddable":true,"href":"https:\/\/elreporterodelacomunidad.com\/index.php\/wp-json\/wp\/v2\/media\/5899"}],"wp:attachment":[{"href":"https:\/\/elreporterodelacomunidad.com\/index.php\/wp-json\/wp\/v2\/media?parent=5898"}],"wp:term":[{"taxonomy":"category","embeddable":true,"href":"https:\/\/elreporterodelacomunidad.com\/index.php\/wp-json\/wp\/v2\/categories?post=5898"},{"taxonomy":"post_tag","embeddable":true,"href":"https:\/\/elreporterodelacomunidad.com\/index.php\/wp-json\/wp\/v2\/tags?post=5898"}],"curies":[{"name":"wp","href":"https:\/\/api.w.org\/{rel}","templated":true}]}}