{"id":5879,"date":"2024-07-02T18:43:48","date_gmt":"2024-07-03T01:43:48","guid":{"rendered":"https:\/\/elreporterodelacomunidad.com\/?p=5879"},"modified":"2024-07-02T18:43:51","modified_gmt":"2024-07-03T01:43:51","slug":"segundo-ataque-armado-en-hermosillo-deja-un-muerto-en-la-colonia-san-francisco","status":"publish","type":"post","link":"https:\/\/elreporterodelacomunidad.com\/index.php\/2024\/07\/02\/segundo-ataque-armado-en-hermosillo-deja-un-muerto-en-la-colonia-san-francisco\/","title":{"rendered":"Segundo ataque armado en Hermosillo deja un muerto en la colonia San Francisco."},"content":{"rendered":"\n<p>En una sangrienta ma\u00f1ana, alrededor de las 11:00 horas de este martes se registr\u00f3 un segundo asesinato al interior de una vivienda en la calle Sor Juana In\u00e9s de la Cruz.<\/p>\n\n\n\n<p>Hermosillo, Sonora a 02 de Julio del23 024.- En la colonia San Francisco, al poniente de Hermosillo, se registr\u00f3 un ataque armado que acab\u00f3 con la vida de una persona, lo que gener\u00f3 movimiento polic\u00edaco en el \u00e1rea.<\/p>\n\n\n\n<p>En una sangrienta ma\u00f1ana, alrededor de las 11:00 horas de este martes se registr\u00f3 un segundo asesinato al interior de una vivienda en la calle Sor Juana In\u00e9s de la Cruz, entre San Bruno y San Judas Tadeo, en la citada colonia, donde se localiz\u00f3 el cuerpo de la v\u00edctima.<\/p>\n\n\n\n<p>El report\u00e9 lleg\u00f3 a oficiales de la Polic\u00eda Preventiva a trav\u00e9s del C5i, el cual hablaba de una persona lesionada al interior de una vivienda, por lo que se dirigieron al sitio, en las cercan\u00edas del bulevar Antonio Quiroga.<\/p>\n\n\n\n<p>Mientras tanto, los agentes encontraron en el lugar de los hechos el cuerpo del hombre, tendido en el piso de una de las rec\u00e1maras, presentando, a simple vista, signos de violencia.<\/p>\n\n\n\n<p>Sin embargo, fueron param\u00e9dicos de la Cruz Roja quienes fueron solicitados por la autoridad preventiva para que revisaran al afectado, determinando que ya no contaba con signos vitales.<\/p>\n\n\n\n<p>Por tal motivo, al sitio se trasladaron elementos del Servicio M\u00e9dico Forense (Semefo) para el levantamiento del cuerpo, mientras que Servicios Periciales procesaron la escena para la recolecci\u00f3n de evidencias y datos de prueba para la carpeta de investigaci\u00f3n.<\/p>\n\n\n\n<p>Segundo ataque armado en este martes<\/p>\n\n\n\n<p>Este fue el segundo hecho violento en la capital sonorense durante la ma\u00f1ana de este martes, pues alrededor de las 7:30 horas fue encontrado un hombre sin vida al interior de una vivienda, con aparentes signos de violencia, en hechos ocurridos en fraccionamiento Palma Dorada, al norponiente de Hermosillo.<\/p>\n\n\n\n<p>En el lugar se report\u00f3 una persona sin vida identificada como Francisco Javier, de 47 a\u00f1os, al interior de una vivienda en la calle Palma Dorada, entre Palma Zapopan y Palmetto, por lo que elementos de Seguridad P\u00fablica se dirigieron al lugar de los hechos. De acuerdo con testigos, al estar en el interior de su vivienda escucharon primero un grito fuerte y al asomarse el hombre por la ventana recibi\u00f3 el impacto de bala y falleci\u00f3 en el lugar.<\/p>\n","protected":false},"excerpt":{"rendered":"<p>En una sangrienta ma\u00f1ana, alrededor de las 11:00 horas de este martes se registr\u00f3 un segundo asesinato al interior de una vivienda en la calle Sor Juana In\u00e9s de la Cruz. Hermosillo, Sonora a 02 de Julio del23 024.- En la colonia San Francisco, al poniente de Hermosillo, se registr\u00f3 un ataque armado que acab\u00f3 [&hellip;]<\/p>\n","protected":false},"author":1,"featured_media":5880,"comment_status":"open","ping_status":"open","sticky":false,"template":"","format":"standard","meta":{"footnotes":""},"categories":[32,39],"tags":[],"class_list":["post-5879","post","type-post","status-publish","format-standard","has-post-thumbnail","hentry","category-policiaca","category-politica"],"_links":{"self":[{"href":"https:\/\/elreporterodelacomunidad.com\/index.php\/wp-json\/wp\/v2\/posts\/5879","targetHints":{"allow":["GET"]}}],"collection":[{"href":"https:\/\/elreporterodelacomunidad.com\/index.php\/wp-json\/wp\/v2\/posts"}],"about":[{"href":"https:\/\/elreporterodelacomunidad.com\/index.php\/wp-json\/wp\/v2\/types\/post"}],"author":[{"embeddable":true,"href":"https:\/\/elreporterodelacomunidad.com\/index.php\/wp-json\/wp\/v2\/users\/1"}],"replies":[{"embeddable":true,"href":"https:\/\/elreporterodelacomunidad.com\/index.php\/wp-json\/wp\/v2\/comments?post=5879"}],"version-history":[{"count":1,"href":"https:\/\/elreporterodelacomunidad.com\/index.php\/wp-json\/wp\/v2\/posts\/5879\/revisions"}],"predecessor-version":[{"id":5881,"href":"https:\/\/elreporterodelacomunidad.com\/index.php\/wp-json\/wp\/v2\/posts\/5879\/revisions\/5881"}],"wp:featuredmedia":[{"embeddable":true,"href":"https:\/\/elreporterodelacomunidad.com\/index.php\/wp-json\/wp\/v2\/media\/5880"}],"wp:attachment":[{"href":"https:\/\/elreporterodelacomunidad.com\/index.php\/wp-json\/wp\/v2\/media?parent=5879"}],"wp:term":[{"taxonomy":"category","embeddable":true,"href":"https:\/\/elreporterodelacomunidad.com\/index.php\/wp-json\/wp\/v2\/categories?post=5879"},{"taxonomy":"post_tag","embeddable":true,"href":"https:\/\/elreporterodelacomunidad.com\/index.php\/wp-json\/wp\/v2\/tags?post=5879"}],"curies":[{"name":"wp","href":"https:\/\/api.w.org\/{rel}","templated":true}]}}