{"id":5850,"date":"2024-07-01T08:36:58","date_gmt":"2024-07-01T15:36:58","guid":{"rendered":"https:\/\/elreporterodelacomunidad.com\/?p=5850"},"modified":"2024-07-01T08:37:01","modified_gmt":"2024-07-01T15:37:01","slug":"asigna-iee-sonora-diputaciones-y-regidurias-por-el-principio-de-representacion-proporcional","status":"publish","type":"post","link":"https:\/\/elreporterodelacomunidad.com\/index.php\/2024\/07\/01\/asigna-iee-sonora-diputaciones-y-regidurias-por-el-principio-de-representacion-proporcional\/","title":{"rendered":"Asigna IEE Sonora diputaciones y regidur\u00edas por el Principio de Representaci\u00f3n Proporcional."},"content":{"rendered":"\n<p>Adem\u00e1s, se determinaron descuentos de financiamiento que se aplicar\u00e1n a partidos pol\u00edticos, debido a sanciones por irregularidades en el manejo de recursos p\u00fablicos.<\/p>\n\n\n\n<p>Hermosillo, Sonora, 30 de junio del 2024.- Derivado de los resultados de la jornada electoral del 2 de junio y atendiendo a los diferentes criterios establecidos en la Ley, el Consejo General del Instituto Estatal Electoral y de Participaci\u00f3n Ciudadana (IEE Sonora) aprob\u00f3 este domingo la asignaci\u00f3n de 12 diputaciones y 194 regidur\u00edas por el principio de representaci\u00f3n proporcional.<\/p>\n\n\n\n<p>En sesi\u00f3n extraordinaria las consejeras y consejeros electorales determinaron que la Legislatura LXIV quede integrada por 17 hombres y 16 mujeres, cumpliendo con las metodolog\u00edas y los principios de paridad establecidos en la Ley de Instituciones y Procedimientos Electorales para el Estado de Sonora (LIPEES).<\/p>\n\n\n\n<p>\u201cDe los diez partidos pol\u00edticos en la primera posici\u00f3n se postul\u00f3 a nueve hombres y a una mujer, que es del Partido Encuentro Solidario; si nosotros nos vamos literalmente a esa asignaci\u00f3n y considerando que en Mayor\u00eda Relativa ganaron 11 hombres y 10 mujeres, el Congreso del Estado quedar\u00eda conformado por 20 hombres y 13 mujeres, y ya no lograr\u00edamos una integraci\u00f3n paritaria\u201d, explic\u00f3 el consejero presidente, Nery Ruiz Arvizu.<\/p>\n\n\n\n<p>Detall\u00f3 que adem\u00e1s, se hicieron los an\u00e1lisis necesarios para evitar la sobrerrepresentaci\u00f3n y subrepresentaci\u00f3n en el Congreso, es decir, que ning\u00fan partido pol\u00edtico exceda las 21 curules.<\/p>\n\n\n\n<p>Las diputaciones por el Principio de Representaci\u00f3n Proporcional quedaron asignadas de la siguiente forma: por el Partido Acci\u00f3n Nacional (PAN), Alejandra L\u00f3pez Noriega; por el Partido Revolucionario Institucional (PRI), Emeterio Ochoa Baz\u00faa e Iris Fernanda S\u00e1nchez Chiu;&nbsp; por el Partido de la Revoluci\u00f3n Democr\u00e1tica (PRD), Ana Gabriela Tapia Fonllem;&nbsp; la diputaci\u00f3n del Partido del Trabajo (PT) fue asignada a Jazm\u00edn Guadalupe G\u00f3mez Liz\u00e1rraga; la del Partido Verde Ecologista de M\u00e9xico (PVEM) a Omar Francisco del Valle Colosio; a Movimiento Ciudadano le fueron asignadas dos diputaciones, una para Jes\u00fas Manuel Scott S\u00e1nchez y la segunda para Gabriela Danitza F\u00e9lix Boj\u00f3rquez; a Morena le correspondi\u00f3 una para Julio C\u00e9sar Navarro Contreras; a Nueva Alianza Sonora una m\u00e1s para C\u00e9sar Adalberto Salazar L\u00f3pez; el Partido Encuentro Solidario (PES) ser\u00e1 representado por Rosangela Amairany Pe\u00f1a Escalante; y finalmente el Partido Sonorense&nbsp; por Ra\u00fal Gonz\u00e1lez de la Vega.<\/p>\n\n\n\n<p>De la misma manera, haciendo uso de las f\u00f3rmulas matem\u00e1ticas establecidas en la LIPEES, el Consejo General aprob\u00f3 tambi\u00e9n la asignaci\u00f3n de las regidur\u00edas por el Principio de Representaci\u00f3n Proporcional para integrar 71 ayuntamientos, exceptuando el municipio de Ray\u00f3n, en donde adem\u00e1s de los partidos ganadores, ninguno de los otros contendientes obtuvo el 1.5 por ciento de la votaci\u00f3n requerida para que le fuera asignada una regidur\u00eda.<\/p>\n\n\n\n<p>Se determin\u00f3 que cada una de las designaciones cumple con los requisitos de elegibilidad, incluyendo la paridad en la integraci\u00f3n de las planillas, adem\u00e1s de que se hizo una revisi\u00f3n exhaustiva para dar cabalidad a la Ley 3 de 3 contra la violencia.<\/p>\n\n\n\n<p>Establecen aplicaci\u00f3n de sanciones a partidos<\/p>\n\n\n\n<p>Durante la misma sesi\u00f3n se determin\u00f3 adem\u00e1s la cantidad de descuentos que se aplicar\u00e1n a varios partidos pol\u00edticos del financiamiento p\u00fablico que reciben cada quincena, atendiendo a diversas sanciones emitidas por el Instituto Nacional Electoral (INE) por irregularidades detectadas en el manejo de recursos p\u00fablicos.<\/p>\n\n\n\n<p>El PAN fue sancionado con 40 mil 615 pesos; el PRI con 112 mil 968 pesos; al PVEM se le aplic\u00f3 una sanci\u00f3n de 528 mil 2843 pesos; a Movimiento Ciudadano de 923 mil 630 pesos;, a Morena de 414 mil 582 pesos; mientras que el Partido Nueva Alianza Sonora fue sancionado con 19 mil 545 pesos; y el PES con 6 millones 046 mil 834 pesos.<\/p>\n\n\n\n<p>En el caso del PRD, que fue sancionado con un mill\u00f3n 528 mil 973 pesos, no se le podr\u00e1 aplicar ning\u00fan descuento hasta que las autoridades correspondientes determinen si pierde su registro al no alcanzar el 3 por ciento de la votaci\u00f3n en la pasada jornada electoral.<\/p>\n\n\n\n<p>Y en cuanto al PT, actualmente se le descuenta un monto equivalente al 50 por ciento de sus prerrogativas por sanciones previas, por lo que no es posible aplicar una deducci\u00f3n mayor en el presente ejercicio fiscal 2024 y ser\u00e1 hasta 2025 cuando se le ejecute la sanci\u00f3n correspondiente 4 millones 051 mil 423 pesos.<\/p>\n\n\n\n<p>En la sesi\u00f3n extraordinaria estuvieron presentes el consejero presidente del IEE Sonora, Nery Ruiz Arvizu, las consejeras Alma Lorena Alonso Valdivia, Linda Viridiana Calder\u00f3n Monta\u00f1o y Ana Cecilia Grijalva Moreno; as\u00ed como los consejeros Benjam\u00edn Hern\u00e1ndez Avalos y Francisco Arturo Kitazawa Tostado; el secretario ejecutivo, Hugo Urbina B\u00e1ez; y las representaciones de los partidos pol\u00edticos.<\/p>\n","protected":false},"excerpt":{"rendered":"<p>Adem\u00e1s, se determinaron descuentos de financiamiento que se aplicar\u00e1n a partidos pol\u00edticos, debido a sanciones por irregularidades en el manejo de recursos p\u00fablicos. Hermosillo, Sonora, 30 de junio del 2024.- Derivado de los resultados de la jornada electoral del 2 de junio y atendiendo a los diferentes criterios establecidos en la Ley, el Consejo General [&hellip;]<\/p>\n","protected":false},"author":1,"featured_media":5851,"comment_status":"open","ping_status":"open","sticky":false,"template":"","format":"standard","meta":{"footnotes":""},"categories":[32],"tags":[],"class_list":["post-5850","post","type-post","status-publish","format-standard","has-post-thumbnail","hentry","category-policiaca"],"_links":{"self":[{"href":"https:\/\/elreporterodelacomunidad.com\/index.php\/wp-json\/wp\/v2\/posts\/5850","targetHints":{"allow":["GET"]}}],"collection":[{"href":"https:\/\/elreporterodelacomunidad.com\/index.php\/wp-json\/wp\/v2\/posts"}],"about":[{"href":"https:\/\/elreporterodelacomunidad.com\/index.php\/wp-json\/wp\/v2\/types\/post"}],"author":[{"embeddable":true,"href":"https:\/\/elreporterodelacomunidad.com\/index.php\/wp-json\/wp\/v2\/users\/1"}],"replies":[{"embeddable":true,"href":"https:\/\/elreporterodelacomunidad.com\/index.php\/wp-json\/wp\/v2\/comments?post=5850"}],"version-history":[{"count":1,"href":"https:\/\/elreporterodelacomunidad.com\/index.php\/wp-json\/wp\/v2\/posts\/5850\/revisions"}],"predecessor-version":[{"id":5852,"href":"https:\/\/elreporterodelacomunidad.com\/index.php\/wp-json\/wp\/v2\/posts\/5850\/revisions\/5852"}],"wp:featuredmedia":[{"embeddable":true,"href":"https:\/\/elreporterodelacomunidad.com\/index.php\/wp-json\/wp\/v2\/media\/5851"}],"wp:attachment":[{"href":"https:\/\/elreporterodelacomunidad.com\/index.php\/wp-json\/wp\/v2\/media?parent=5850"}],"wp:term":[{"taxonomy":"category","embeddable":true,"href":"https:\/\/elreporterodelacomunidad.com\/index.php\/wp-json\/wp\/v2\/categories?post=5850"},{"taxonomy":"post_tag","embeddable":true,"href":"https:\/\/elreporterodelacomunidad.com\/index.php\/wp-json\/wp\/v2\/tags?post=5850"}],"curies":[{"name":"wp","href":"https:\/\/api.w.org\/{rel}","templated":true}]}}