{"id":5708,"date":"2024-06-25T08:24:26","date_gmt":"2024-06-25T15:24:26","guid":{"rendered":"https:\/\/elreporterodelacomunidad.com\/?p=5708"},"modified":"2024-06-25T08:24:29","modified_gmt":"2024-06-25T15:24:29","slug":"llega-wifi-gratuito-del-ayuntamiento-de-hermosillo-en-espacios-publicos-a-un-millon-y-medio-de-visitas","status":"publish","type":"post","link":"https:\/\/elreporterodelacomunidad.com\/index.php\/2024\/06\/25\/llega-wifi-gratuito-del-ayuntamiento-de-hermosillo-en-espacios-publicos-a-un-millon-y-medio-de-visitas\/","title":{"rendered":"Llega WiFi gratuito del Ayuntamiento de Hermosillo en espacios p\u00fablicos a un mill\u00f3n y medio de visitas."},"content":{"rendered":"\n<p>Desde que el Presidente Antonio Astiazar\u00e1n activ\u00f3 el servicio son m\u00e1s las visitas y usuarios registrados<\/p>\n\n\n\n<p><\/p>\n\n\n\n<p>Hermosillo, Sonora; 24 de junio, 2024.- El Programa Hermosillo CRECE Conectado, que desde abril de 2023 ofrece a la ciudadan\u00eda puntos de conexi\u00f3n gratuita a Internet por Wi Fi, confirma su \u00e9xito con m\u00e1s de un mill\u00f3n y medio de visitas contabilizadas hasta el 20 de junio de 2024, revel\u00f3 Madeleine Bonnafoux Alcaraz.<\/p>\n\n\n\n<p>La directora de Comunicaci\u00f3n y Transparencia del Ayuntamiento de Hermosillo explic\u00f3 que es muy satisfactoria la evoluci\u00f3n de esta estrategia y su impacto positivo para las personas que no cuentan con los medios para costear este servicio en sus domicilios o dispositivos electr\u00f3nicos.<\/p>\n\n\n\n<p>Record\u00f3 que el Presidente Municipal Antonio Astiazar\u00e1n primeramente ofreci\u00f3 y luego materializ\u00f3 a partir del 18 de abril de 2023 el programa, con el prop\u00f3sito de hacer de Hermosillo una de las ciudades m\u00e1s conectadas del pa\u00eds a trav\u00e9s del Internet gratuito.<\/p>\n\n\n\n<p>\u201cHace unos d\u00edas ya superamos m\u00e1s de un mill\u00f3n y medio de visitas, actualmente son 170 puntos Wi Fi en Hermosillo que los puedes encontrar en paradas de cami\u00f3n, parques, plazas, hospitales, est\u00e1n estrat\u00e9gicamente colocados para que la gente pueda utilizarlos y que se sienta segura\u201d, revel\u00f3.<\/p>\n\n\n\n<p>Quienes tengan inter\u00e9s en aprovechar sin costo las posibilidades del Internet pueden consultar la ubicaci\u00f3n de los puntos Wi Fi disponibles en la p\u00e1gina wifi.hermosillo.gob.mx &nbsp;y elegir el que les resulte m\u00e1s conveniente, abund\u00f3.<\/p>\n\n\n\n<p>Luego de ingresar a la red HMO_CONECTA y llenar el formulario, las siguientes conexiones ser\u00e1n autom\u00e1ticas en cualquiera de los 170 puntos disponibles.<\/p>\n\n\n\n<p>La funcionaria municipal coment\u00f3 que desde el lanzamiento del programa son muchos los testimonios que confirman sus bondades en temas como comunicaci\u00f3n con familiares, emprendimientos, b\u00fasqueda de empleo, educaci\u00f3n y organizaci\u00f3n de las m\u00e1s diversas actividades.<\/p>\n","protected":false},"excerpt":{"rendered":"<p>Desde que el Presidente Antonio Astiazar\u00e1n activ\u00f3 el servicio son m\u00e1s las visitas y usuarios registrados Hermosillo, Sonora; 24 de junio, 2024.- El Programa Hermosillo CRECE Conectado, que desde abril de 2023 ofrece a la ciudadan\u00eda puntos de conexi\u00f3n gratuita a Internet por Wi Fi, confirma su \u00e9xito con m\u00e1s de un mill\u00f3n y medio [&hellip;]<\/p>\n","protected":false},"author":1,"featured_media":5709,"comment_status":"open","ping_status":"open","sticky":false,"template":"","format":"standard","meta":{"footnotes":""},"categories":[40,34],"tags":[],"class_list":["post-5708","post","type-post","status-publish","format-standard","has-post-thumbnail","hentry","category-cienciaytecnologia","category-general"],"_links":{"self":[{"href":"https:\/\/elreporterodelacomunidad.com\/index.php\/wp-json\/wp\/v2\/posts\/5708","targetHints":{"allow":["GET"]}}],"collection":[{"href":"https:\/\/elreporterodelacomunidad.com\/index.php\/wp-json\/wp\/v2\/posts"}],"about":[{"href":"https:\/\/elreporterodelacomunidad.com\/index.php\/wp-json\/wp\/v2\/types\/post"}],"author":[{"embeddable":true,"href":"https:\/\/elreporterodelacomunidad.com\/index.php\/wp-json\/wp\/v2\/users\/1"}],"replies":[{"embeddable":true,"href":"https:\/\/elreporterodelacomunidad.com\/index.php\/wp-json\/wp\/v2\/comments?post=5708"}],"version-history":[{"count":1,"href":"https:\/\/elreporterodelacomunidad.com\/index.php\/wp-json\/wp\/v2\/posts\/5708\/revisions"}],"predecessor-version":[{"id":5710,"href":"https:\/\/elreporterodelacomunidad.com\/index.php\/wp-json\/wp\/v2\/posts\/5708\/revisions\/5710"}],"wp:featuredmedia":[{"embeddable":true,"href":"https:\/\/elreporterodelacomunidad.com\/index.php\/wp-json\/wp\/v2\/media\/5709"}],"wp:attachment":[{"href":"https:\/\/elreporterodelacomunidad.com\/index.php\/wp-json\/wp\/v2\/media?parent=5708"}],"wp:term":[{"taxonomy":"category","embeddable":true,"href":"https:\/\/elreporterodelacomunidad.com\/index.php\/wp-json\/wp\/v2\/categories?post=5708"},{"taxonomy":"post_tag","embeddable":true,"href":"https:\/\/elreporterodelacomunidad.com\/index.php\/wp-json\/wp\/v2\/tags?post=5708"}],"curies":[{"name":"wp","href":"https:\/\/api.w.org\/{rel}","templated":true}]}}