{"id":5547,"date":"2024-06-19T17:53:58","date_gmt":"2024-06-20T00:53:58","guid":{"rendered":"https:\/\/elreporterodelacomunidad.com\/?p=5547"},"modified":"2024-06-19T17:54:00","modified_gmt":"2024-06-20T00:54:00","slug":"enfrentamiento-armado-deja-dos-lesionados-y-un-desaparecido-en-caborca","status":"publish","type":"post","link":"https:\/\/elreporterodelacomunidad.com\/index.php\/2024\/06\/19\/enfrentamiento-armado-deja-dos-lesionados-y-un-desaparecido-en-caborca\/","title":{"rendered":"Enfrentamiento armado deja dos lesionados y un desaparecido en Caborca."},"content":{"rendered":"\n<p>Fiscal\u00eda General de Justicia del Estado de Sonora investiga un ataque armado entre grupos delictivos ocurrido la noche del pasado martes 18 de junio en Caborca.<\/p>\n\n\n\n<p><\/p>\n\n\n\n<p>Hermosillo, Sonora a 19 de Junio del 2024.- Dos personas lesionadas y una desaparecida, es el saldo que dej\u00f3 un enfrentamiento armado entre grupos del crimen organizado en las inmediaciones de Caborca, el cual es investigado por las autoridades.<\/p>\n\n\n\n<p>A trav\u00e9s de un comunicado, la Mesa Estatal de Seguridad inform\u00f3 que la Fiscal\u00eda General de Justicia del Estado de Sonora, en coordinaci\u00f3n con personal de los tres \u00f3rdenes de gobierno, investiga un ataque armado entre grupos delictivos ocurrido la noche del pasado martes 18 de junio en el tramo carretero Sonoyta-Caborca, el cual dej\u00f3 dos personas lesionadas, quienes reciben atenci\u00f3n m\u00e9dica.<\/p>\n\n\n\n<p>Los afectados fueron identificados como Jos\u00e9 David \u201cN\u201d, de 40 a\u00f1os, y Jes\u00fas Alejandro \u201cN\u201d, de 18 a\u00f1os, quienes fueron trasladados en un tr\u00e1iler a un hospital de Caborca tras presentar heridas por disparos mientras se encontraban a bordo de un tractocami\u00f3n en un \u00e1rea de descanso, ubicada a la altura del kil\u00f3metro 200 del mencionado tramo.<\/p>\n\n\n\n<p>Por tal motivo, elementos de la Agencia Ministerial de Investigaci\u00f3n Criminal (AMIC), en coordinaci\u00f3n con personal de Servicios Periciales de la Fiscal\u00eda de Sonora, llegaron al lugar de los hechos tras el reporte del enfrentamiento.<\/p>\n\n\n\n<p>En el sitio se recolectaron indicios bal\u00edsticos y se aseguraron veh\u00edculos con da\u00f1os por impactos de bala, los cuales se encuentran bajo an\u00e1lisis para darle seguimiento a la investigaci\u00f3n.<\/p>\n\n\n\n<p>Adem\u00e1s, se report\u00f3 a una persona desaparecida en la misma zona, identificada como Jes\u00fas David &#8220;N&#8221;, quien viajaba desde Mazatl\u00e1n, Sinaloa, con destino a Puerto Pe\u00f1asco y quien, al percatarse de los disparos huy\u00f3 hacia el monte, por lo que elementos de seguridad de los tres niveles de gobierno est\u00e1n abocados a su b\u00fasqueda.<\/p>\n\n\n\n<p>Mientras tanto, la Fiscal\u00eda de Sonora contin\u00faa en el desarrollo de las investigaciones de los hechos; de manera que, en las pr\u00f3ximas horas se dar\u00e1n a conocer los detalles que deban ser del conocimiento general, en apego al derecho de acceso a la informaci\u00f3n.<\/p>\n\n\n\n<p>Localizan a desaparecido en carretera Sonoyta-Caborca<\/p>\n\n\n\n<p>Luego de ser reportado como desaparecido, tras el enfrentamiento armado registrado la noche de ayer en el kil\u00f3metro 200 de la carretera Sonoyta-Caborca, Jes\u00fas David \u201cN\u201d, originario de Mazatl\u00e1n, Sinaloa, fue localizado sano y salvo, de acuerdo con informaci\u00f3n de la Fiscal\u00eda General de Justicia del Estado (FGJE) de Sonora.<\/p>\n\n\n\n<p>El \u00f3rgano procurador de justicia inform\u00f3 que el hombre fue encontrado sin lesiones luego de haberse extraviado la noche del pasado 18 de junio, cuando corri\u00f3 al presenciar una balacera que se desat\u00f3 en las inmediaciones de la carretera, intern\u00e1ndose en el monte.<\/p>\n\n\n\n<p>De acuerdo con el testimonio del hombre dado a elementos de la Agencia Ministerial de Investigaci\u00f3n Criminal (AMIC), quienes lo mantienen en resguardo, intent\u00f3 regresar al restaurante \u201cCaf\u00e9 200\u201d para encontrarse con su familia tras los acontecimientos.<\/p>\n\n\n\n<p>Sin embargo, termin\u00f3 desorientado, por lo que fue hasta este mi\u00e9rcoles 19 de junio que, con la luz del sol pudo encontrar la carretera, regresando a la altura del kil\u00f3metro 203, donde pidi\u00f3 apoyo a un veh\u00edculo que transitaba por el lugar para dejarlo en el kil\u00f3metro 200.<\/p>\n\n\n\n<p>Las autoridades refirieron que el hombre solamente present\u00f3 rasgu\u00f1os provocados por la maleza de la zona, as\u00ed como heridas en ambos pies, debido a que, en su escape del intercambio de balas, perdi\u00f3 las chanclas que llevaba puestas.<\/p>\n\n\n\n<p>Mientras tanto, ser\u00e1 evaluado por m\u00e9dicos antes de ser devuelto a su familia, con quienes viajaba en un veh\u00edculo particular, desde Mazatl\u00e1n, Sinaloa, con destino a Puerto Pe\u00f1asco, para atender asuntos familiares.<\/p>\n\n\n\n<p>Por otro lado, la Fiscal\u00eda de Sonora, junto con autoridades de los tres niveles de gobierno, investigan el ataque armado entre grupos delictivos que dej\u00f3 dos personas lesionadas, las cuales ya reciben atenci\u00f3n m\u00e9dica.<\/p>\n\n\n\n<p>Jos\u00e9 David, de 40 a\u00f1os, y Jes\u00fas Alejandro, de 18 a\u00f1os, fueron trasladados en un tr\u00e1iler a un hospital de Caborca tras presentar lesiones por disparos mientras se encontraban a bordo de un tractocami\u00f3n en un \u00e1rea de descanso.<\/p>\n","protected":false},"excerpt":{"rendered":"<p>Fiscal\u00eda General de Justicia del Estado de Sonora investiga un ataque armado entre grupos delictivos ocurrido la noche del pasado martes 18 de junio en Caborca. Hermosillo, Sonora a 19 de Junio del 2024.- Dos personas lesionadas y una desaparecida, es el saldo que dej\u00f3 un enfrentamiento armado entre grupos del crimen organizado en las [&hellip;]<\/p>\n","protected":false},"author":1,"featured_media":5548,"comment_status":"open","ping_status":"open","sticky":false,"template":"","format":"standard","meta":{"footnotes":""},"categories":[34,32],"tags":[],"class_list":["post-5547","post","type-post","status-publish","format-standard","has-post-thumbnail","hentry","category-general","category-policiaca"],"_links":{"self":[{"href":"https:\/\/elreporterodelacomunidad.com\/index.php\/wp-json\/wp\/v2\/posts\/5547","targetHints":{"allow":["GET"]}}],"collection":[{"href":"https:\/\/elreporterodelacomunidad.com\/index.php\/wp-json\/wp\/v2\/posts"}],"about":[{"href":"https:\/\/elreporterodelacomunidad.com\/index.php\/wp-json\/wp\/v2\/types\/post"}],"author":[{"embeddable":true,"href":"https:\/\/elreporterodelacomunidad.com\/index.php\/wp-json\/wp\/v2\/users\/1"}],"replies":[{"embeddable":true,"href":"https:\/\/elreporterodelacomunidad.com\/index.php\/wp-json\/wp\/v2\/comments?post=5547"}],"version-history":[{"count":1,"href":"https:\/\/elreporterodelacomunidad.com\/index.php\/wp-json\/wp\/v2\/posts\/5547\/revisions"}],"predecessor-version":[{"id":5549,"href":"https:\/\/elreporterodelacomunidad.com\/index.php\/wp-json\/wp\/v2\/posts\/5547\/revisions\/5549"}],"wp:featuredmedia":[{"embeddable":true,"href":"https:\/\/elreporterodelacomunidad.com\/index.php\/wp-json\/wp\/v2\/media\/5548"}],"wp:attachment":[{"href":"https:\/\/elreporterodelacomunidad.com\/index.php\/wp-json\/wp\/v2\/media?parent=5547"}],"wp:term":[{"taxonomy":"category","embeddable":true,"href":"https:\/\/elreporterodelacomunidad.com\/index.php\/wp-json\/wp\/v2\/categories?post=5547"},{"taxonomy":"post_tag","embeddable":true,"href":"https:\/\/elreporterodelacomunidad.com\/index.php\/wp-json\/wp\/v2\/tags?post=5547"}],"curies":[{"name":"wp","href":"https:\/\/api.w.org\/{rel}","templated":true}]}}