{"id":5541,"date":"2024-06-19T17:36:41","date_gmt":"2024-06-20T00:36:41","guid":{"rendered":"https:\/\/elreporterodelacomunidad.com\/?p=5541"},"modified":"2024-06-19T17:36:42","modified_gmt":"2024-06-20T00:36:42","slug":"fgr-obtiene-prision-preventiva-justificada-contra-una-persona-por-transportar-257-litros-de-metanfetamina","status":"publish","type":"post","link":"https:\/\/elreporterodelacomunidad.com\/index.php\/2024\/06\/19\/fgr-obtiene-prision-preventiva-justificada-contra-una-persona-por-transportar-257-litros-de-metanfetamina\/","title":{"rendered":"FGR obtiene prisi\u00f3n preventiva justificada contra una persona por transportar 257 litros de metanfetamina."},"content":{"rendered":"\n<p><\/p>\n\n\n\n<p>Hermosillo, Sonora a 19 de junio de 2024.- El Ministerio P\u00fablico de la Fiscal\u00eda General de la Rep\u00fablica (FGR) en su Fiscal\u00eda Federal en Sonora, obtuvo del Juez de Control vinculaci\u00f3n a proceso y prisi\u00f3n preventiva justificada contra una persona, por su probable responsabilidad en la comisi\u00f3n de un delito contra la salud en la modalidad de transporte de metanfetamina l\u00edquida.<\/p>\n\n\n\n<p>De acuerdo con la carpeta de investigaci\u00f3n, elementos de la Polic\u00eda Federal Ministerial (PFM) de la Agencia de Investigaci\u00f3n Criminal (AIC), en cumplimiento a una orden de investigaci\u00f3n en inmediaciones del kil\u00f3metro 85 de la Carretera Federal, Cananea \u2013 \u00cdmuris, en Cananea, Sonora, detuvieron a Sergio \u201cM\u201d, chofer de un tracto cami\u00f3n, a quien le aseguraron 257 litros de metanfetamina l\u00edquida.<\/p>\n\n\n\n<p>La Juez de Control adscrita al Centro de Justicia Penal Federal en Sonora, despu\u00e9s de que la defensa del imputado se acogi\u00f3 a diversos recursos, vincul\u00f3 a proceso a Sergio \u201cM\u201d e impuso la prisi\u00f3n preventiva justificada como medida cautelar.<\/p>\n","protected":false},"excerpt":{"rendered":"<p>Hermosillo, Sonora a 19 de junio de 2024.- El Ministerio P\u00fablico de la Fiscal\u00eda General de la Rep\u00fablica (FGR) en su Fiscal\u00eda Federal en Sonora, obtuvo del Juez de Control vinculaci\u00f3n a proceso y prisi\u00f3n preventiva justificada contra una persona, por su probable responsabilidad en la comisi\u00f3n de un delito contra la salud en la [&hellip;]<\/p>\n","protected":false},"author":1,"featured_media":5542,"comment_status":"open","ping_status":"open","sticky":false,"template":"","format":"standard","meta":{"footnotes":""},"categories":[34,32],"tags":[],"class_list":["post-5541","post","type-post","status-publish","format-standard","has-post-thumbnail","hentry","category-general","category-policiaca"],"_links":{"self":[{"href":"https:\/\/elreporterodelacomunidad.com\/index.php\/wp-json\/wp\/v2\/posts\/5541","targetHints":{"allow":["GET"]}}],"collection":[{"href":"https:\/\/elreporterodelacomunidad.com\/index.php\/wp-json\/wp\/v2\/posts"}],"about":[{"href":"https:\/\/elreporterodelacomunidad.com\/index.php\/wp-json\/wp\/v2\/types\/post"}],"author":[{"embeddable":true,"href":"https:\/\/elreporterodelacomunidad.com\/index.php\/wp-json\/wp\/v2\/users\/1"}],"replies":[{"embeddable":true,"href":"https:\/\/elreporterodelacomunidad.com\/index.php\/wp-json\/wp\/v2\/comments?post=5541"}],"version-history":[{"count":1,"href":"https:\/\/elreporterodelacomunidad.com\/index.php\/wp-json\/wp\/v2\/posts\/5541\/revisions"}],"predecessor-version":[{"id":5543,"href":"https:\/\/elreporterodelacomunidad.com\/index.php\/wp-json\/wp\/v2\/posts\/5541\/revisions\/5543"}],"wp:featuredmedia":[{"embeddable":true,"href":"https:\/\/elreporterodelacomunidad.com\/index.php\/wp-json\/wp\/v2\/media\/5542"}],"wp:attachment":[{"href":"https:\/\/elreporterodelacomunidad.com\/index.php\/wp-json\/wp\/v2\/media?parent=5541"}],"wp:term":[{"taxonomy":"category","embeddable":true,"href":"https:\/\/elreporterodelacomunidad.com\/index.php\/wp-json\/wp\/v2\/categories?post=5541"},{"taxonomy":"post_tag","embeddable":true,"href":"https:\/\/elreporterodelacomunidad.com\/index.php\/wp-json\/wp\/v2\/tags?post=5541"}],"curies":[{"name":"wp","href":"https:\/\/api.w.org\/{rel}","templated":true}]}}