{"id":5388,"date":"2024-06-17T13:20:54","date_gmt":"2024-06-17T20:20:54","guid":{"rendered":"https:\/\/elreporterodelacomunidad.com\/?p=5388"},"modified":"2024-06-17T13:20:56","modified_gmt":"2024-06-17T20:20:56","slug":"por-posesion-de-metanfetamina-fue-vinculado-a-proceso-presunto-narcomenudista","status":"publish","type":"post","link":"https:\/\/elreporterodelacomunidad.com\/index.php\/2024\/06\/17\/por-posesion-de-metanfetamina-fue-vinculado-a-proceso-presunto-narcomenudista\/","title":{"rendered":"Por posesi\u00f3n de metanfetamina fue vinculado a proceso presunto narcomenudista."},"content":{"rendered":"\n<p id=\"geom_inter_1718655534083_53_21\"><\/p>\n\n\n\n<p><strong>Cajeme, Sonora a 17 de junio de 2024.-<\/strong>\u00a0Derivado de su probable responsabilidad por el delito de narcomenudeo en su variante de posesi\u00f3n de metanfetamina para fines de venta, Jes\u00fas Eduardo \u201cN\u201d se encuentra vinculado a proceso por disposici\u00f3n de un Juez de Control quien, adem\u00e1s, determin\u00f3 prisi\u00f3n preventiva justificada como medida cautelar.<\/p>\n\n\n\n<p id=\"geom_inter_1718655534082_65_16\">Lo anterior se logr\u00f3 por las investigaciones efectuadas por la Agencia del Ministerio P\u00fablico, que en audiencia de control de detenci\u00f3n present\u00f3 medios de prueba suficientes para acreditar ante el Juez la probable responsabilidad del se\u00f1alado en los hechos que se le imputan.<\/p>\n\n\n\n<p>Dichos hechos, consistieron en la detenci\u00f3n de Jes\u00fas Eduardo \u201cN\u201d por parte de elementos de Seguridad P\u00fablica, quienes hicieron contacto con \u00e9l, el pasado 10 de junio a las 12:35 horas en las calles 300 y Lim\u00f3n, de la colonia Misi\u00f3n del Real, en Ciudad Obreg\u00f3n, efectuando una revisi\u00f3n de su persona, encontr\u00e1ndolo en posesi\u00f3n de 18 envoltorios con una sustancia granulada.<\/p>\n\n\n\n<p>Tras ser analizada por el perito qu\u00edmico, dicha sustancia result\u00f3 ser metanfetamina, misma que present\u00f3 un peso conjunto de 5.796 gramos.<\/p>\n\n\n\n<p>Una vez iniciadas las audiencias que exige la Ley, se solicit\u00f3 al Juez la vinculaci\u00f3n a proceso para el imputado, as\u00ed como la medida cautelar de prisi\u00f3n preventiva justificada, mismas que consider\u00f3 pertinentes, por lo que Jes\u00fas Eduardo \u201cN\u201d fue internado en un Centro de Reinserci\u00f3n Social (CERESO).<\/p>\n","protected":false},"excerpt":{"rendered":"<p>Cajeme, Sonora a 17 de junio de 2024.-\u00a0Derivado de su probable responsabilidad por el delito de narcomenudeo en su variante de posesi\u00f3n de metanfetamina para fines de venta, Jes\u00fas Eduardo \u201cN\u201d se encuentra vinculado a proceso por disposici\u00f3n de un Juez de Control quien, adem\u00e1s, determin\u00f3 prisi\u00f3n preventiva justificada como medida cautelar. Lo anterior se [&hellip;]<\/p>\n","protected":false},"author":1,"featured_media":5389,"comment_status":"open","ping_status":"open","sticky":false,"template":"","format":"standard","meta":{"footnotes":""},"categories":[32],"tags":[],"class_list":["post-5388","post","type-post","status-publish","format-standard","has-post-thumbnail","hentry","category-policiaca"],"_links":{"self":[{"href":"https:\/\/elreporterodelacomunidad.com\/index.php\/wp-json\/wp\/v2\/posts\/5388","targetHints":{"allow":["GET"]}}],"collection":[{"href":"https:\/\/elreporterodelacomunidad.com\/index.php\/wp-json\/wp\/v2\/posts"}],"about":[{"href":"https:\/\/elreporterodelacomunidad.com\/index.php\/wp-json\/wp\/v2\/types\/post"}],"author":[{"embeddable":true,"href":"https:\/\/elreporterodelacomunidad.com\/index.php\/wp-json\/wp\/v2\/users\/1"}],"replies":[{"embeddable":true,"href":"https:\/\/elreporterodelacomunidad.com\/index.php\/wp-json\/wp\/v2\/comments?post=5388"}],"version-history":[{"count":1,"href":"https:\/\/elreporterodelacomunidad.com\/index.php\/wp-json\/wp\/v2\/posts\/5388\/revisions"}],"predecessor-version":[{"id":5390,"href":"https:\/\/elreporterodelacomunidad.com\/index.php\/wp-json\/wp\/v2\/posts\/5388\/revisions\/5390"}],"wp:featuredmedia":[{"embeddable":true,"href":"https:\/\/elreporterodelacomunidad.com\/index.php\/wp-json\/wp\/v2\/media\/5389"}],"wp:attachment":[{"href":"https:\/\/elreporterodelacomunidad.com\/index.php\/wp-json\/wp\/v2\/media?parent=5388"}],"wp:term":[{"taxonomy":"category","embeddable":true,"href":"https:\/\/elreporterodelacomunidad.com\/index.php\/wp-json\/wp\/v2\/categories?post=5388"},{"taxonomy":"post_tag","embeddable":true,"href":"https:\/\/elreporterodelacomunidad.com\/index.php\/wp-json\/wp\/v2\/tags?post=5388"}],"curies":[{"name":"wp","href":"https:\/\/api.w.org\/{rel}","templated":true}]}}