{"id":5375,"date":"2024-06-16T22:37:44","date_gmt":"2024-06-17T05:37:44","guid":{"rendered":"https:\/\/elreporterodelacomunidad.com\/?p=5375"},"modified":"2024-06-16T22:37:52","modified_gmt":"2024-06-17T05:37:52","slug":"recibe-victor-adrian-n-15-anos-de-prision-por-tentativa-de-homicidio-infantil","status":"publish","type":"post","link":"https:\/\/elreporterodelacomunidad.com\/index.php\/2024\/06\/16\/recibe-victor-adrian-n-15-anos-de-prision-por-tentativa-de-homicidio-infantil\/","title":{"rendered":"Recibe V\u00edctor Adri\u00e1n \u201cN\u201d 15 a\u00f1os de prisi\u00f3n por tentativa de homicidio infantil."},"content":{"rendered":"\n<p><\/p>\n\n\n\n<p id=\"geom_inter_1718602577094_57_45\"><strong>Cajeme, Sonora, 16 de junio de 2024.-<\/strong>\u00a0Por tentativa de homicidio infantil en agravio de un ni\u00f1o de 11 a\u00f1os, la Fiscal\u00eda General de Justicia del Estado de Sonora (FGJES) obtuvo una condena de 15 a\u00f1os de prisi\u00f3n para V\u00edctor Adri\u00e1n \u201cN\u201d, de 19 a\u00f1os, hecho que conmocion\u00f3 a la sociedad en general, registrado el pasado 22 de agosto en Ciudad Obreg\u00f3n, municipio de Cajeme, Sonora.<\/p>\n\n\n\n<p>Alrededor de las 15:20 horas del d\u00eda mencionado, el sujeto atac\u00f3 con un arma punzocortante al menor, de identidad reservada, mientras ambos se encontraban en el interior de una barber\u00eda ubicada en el bulevar Antonio Caso entre las calles Cerde\u00f1a y Avi\u00f1\u00f3n, en la colonia Villa del Rey.<\/p>\n\n\n\n<p id=\"geom_inter_1718602577102_56_50\">De manera sorpresiva y con la intenci\u00f3n de asesinar al ni\u00f1o, V\u00edctor Adri\u00e1n \u201cN\u201d le provoc\u00f3 varias lesiones en la cabeza; la v\u00edctima realiz\u00f3 maniobras defensivas para evitar mayores heridas y as\u00ed pudo preservar su vida.<\/p>\n\n\n\n<p>Debido a lo anterior, el agresor, mediante violencia f\u00edsica y moral, encerr\u00f3 al infante en el ba\u00f1o del local, donde lo retuvo en contra de su voluntad hasta que fue rescatado por varias personas con la intervenci\u00f3n de agentes de seguridad.<\/p>\n\n\n\n<p id=\"geom_inter_1718602588093_94_58\">Tras realizar varios actos de investigaci\u00f3n, se obtuvo de un Juez la orden de aprehensi\u00f3n, la cual fue cumplimentada por elementos de la Agencia Ministerial de Investigaci\u00f3n Criminal (AMIC); el imputado fue presentado en audiencia el 26 de agosto de 2023, donde qued\u00f3 vinculado a proceso y en prisi\u00f3n preventiva.<\/p>\n\n\n\n<p id=\"geom_inter_1718602588091_48_56\">Derivado de lo anterior, el juicio oral inici\u00f3 el 20 de mayo pasado, donde esta representaci\u00f3n social present\u00f3 s\u00f3lidas pruebas; el Juez emiti\u00f3 el fallo condenatorio contra V\u00edctor Adri\u00e1n \u201cN\u201d, sentenci\u00e1ndolo a 15 a\u00f1os de prisi\u00f3n y al pago de una multa de 103 mil 740 pesos.<\/p>\n\n\n\n<p>La Fiscal\u00eda General de Justicia del Estado de Sonora (FGJES) busca en los tribunales penas ejemplares, apegadas al principio de Derecho, a todas aquellas personas que violenten la seguridad de ni\u00f1as, ni\u00f1os y adolescentes.<\/p>\n","protected":false},"excerpt":{"rendered":"<p>Cajeme, Sonora, 16 de junio de 2024.-\u00a0Por tentativa de homicidio infantil en agravio de un ni\u00f1o de 11 a\u00f1os, la Fiscal\u00eda General de Justicia del Estado de Sonora (FGJES) obtuvo una condena de 15 a\u00f1os de prisi\u00f3n para V\u00edctor Adri\u00e1n \u201cN\u201d, de 19 a\u00f1os, hecho que conmocion\u00f3 a la sociedad en general, registrado el pasado [&hellip;]<\/p>\n","protected":false},"author":1,"featured_media":5376,"comment_status":"open","ping_status":"open","sticky":false,"template":"","format":"standard","meta":{"footnotes":""},"categories":[32],"tags":[],"class_list":["post-5375","post","type-post","status-publish","format-standard","has-post-thumbnail","hentry","category-policiaca"],"_links":{"self":[{"href":"https:\/\/elreporterodelacomunidad.com\/index.php\/wp-json\/wp\/v2\/posts\/5375","targetHints":{"allow":["GET"]}}],"collection":[{"href":"https:\/\/elreporterodelacomunidad.com\/index.php\/wp-json\/wp\/v2\/posts"}],"about":[{"href":"https:\/\/elreporterodelacomunidad.com\/index.php\/wp-json\/wp\/v2\/types\/post"}],"author":[{"embeddable":true,"href":"https:\/\/elreporterodelacomunidad.com\/index.php\/wp-json\/wp\/v2\/users\/1"}],"replies":[{"embeddable":true,"href":"https:\/\/elreporterodelacomunidad.com\/index.php\/wp-json\/wp\/v2\/comments?post=5375"}],"version-history":[{"count":1,"href":"https:\/\/elreporterodelacomunidad.com\/index.php\/wp-json\/wp\/v2\/posts\/5375\/revisions"}],"predecessor-version":[{"id":5377,"href":"https:\/\/elreporterodelacomunidad.com\/index.php\/wp-json\/wp\/v2\/posts\/5375\/revisions\/5377"}],"wp:featuredmedia":[{"embeddable":true,"href":"https:\/\/elreporterodelacomunidad.com\/index.php\/wp-json\/wp\/v2\/media\/5376"}],"wp:attachment":[{"href":"https:\/\/elreporterodelacomunidad.com\/index.php\/wp-json\/wp\/v2\/media?parent=5375"}],"wp:term":[{"taxonomy":"category","embeddable":true,"href":"https:\/\/elreporterodelacomunidad.com\/index.php\/wp-json\/wp\/v2\/categories?post=5375"},{"taxonomy":"post_tag","embeddable":true,"href":"https:\/\/elreporterodelacomunidad.com\/index.php\/wp-json\/wp\/v2\/tags?post=5375"}],"curies":[{"name":"wp","href":"https:\/\/api.w.org\/{rel}","templated":true}]}}