{"id":5372,"date":"2024-06-16T22:35:48","date_gmt":"2024-06-17T05:35:48","guid":{"rendered":"https:\/\/elreporterodelacomunidad.com\/?p=5372"},"modified":"2024-06-16T22:35:50","modified_gmt":"2024-06-17T05:35:50","slug":"vinculado-a-proceso-victor-n-por-usurpacion-de-funciones-publicas-o-profesionista-como-medico-veterinario-en-hermosillo","status":"publish","type":"post","link":"https:\/\/elreporterodelacomunidad.com\/index.php\/2024\/06\/16\/vinculado-a-proceso-victor-n-por-usurpacion-de-funciones-publicas-o-profesionista-como-medico-veterinario-en-hermosillo\/","title":{"rendered":"Vinculado a proceso V\u00edctor \u201cN\u201d por usurpaci\u00f3n de funciones p\u00fablicas o profesionista, como m\u00e9dico veterinario en Hermosillo."},"content":{"rendered":"\n<p id=\"geom_inter_1718602484840_25_12\"><\/p>\n\n\n\n<p><strong>Hermosillo, Sonora, 15 de junio de 2024.-<\/strong>&nbsp;V\u00edctor \u201cN\u201d, de 52 a\u00f1os, fue vinculado a proceso por un Juez como probable responsable de la comisi\u00f3n del delito de usurpaci\u00f3n de funciones p\u00fablicas o profesionista, al ejercer como m\u00e9dico veterinario en Hermosillo, ante los datos de prueba presentados por la Fiscal\u00eda General de Justicia del Estado de Sonora (FGJES).<\/p>\n\n\n\n<p id=\"geom_inter_1718602484836_68_7\">La resoluci\u00f3n judicial se deriv\u00f3 de diversos actos de investigaci\u00f3n realizados en respuesta a la denuncia interpuesta por Ruth Dinora \u201cN\u201d por la muerte de su gata carey, \u201cMona\u201d, tras una intervenci\u00f3n quir\u00fargica de castraci\u00f3n realizada el pasado 19 de abril.<\/p>\n\n\n\n<p id=\"geom_inter_1718602493089_96_22\">Dentro de la carpeta de investigaci\u00f3n correspondiente se determin\u00f3 que el imputado realiz\u00f3 la operaci\u00f3n en un consultorio ubicado en la colonia Jes\u00fas Garc\u00eda; sin embargo, entre el 21 y el 28 de abril, la denunciante llev\u00f3 al felino a tres cl\u00ednicas diferentes debido al deterioro de su salud.<\/p>\n\n\n\n<p>El d\u00eda 28, \u201cMona\u201d falleci\u00f3; los tres m\u00e9dicos veterinarios que la atendieron coincidieron con el dictamen m\u00e9dico de la FGJES en el cual se establece que la causa de su muerte fue una septicemia generalizada en el abdomen, que provoc\u00f3 una peritonitis debido a una mala pr\u00e1ctica veterinaria y a la falta de asepsia durante la cirug\u00eda.<\/p>\n\n\n\n<p id=\"geom_inter_1718602493092_9_28\">Con base en una orden de aprehensi\u00f3n, V\u00edctor \u201cN\u201d fue capturado el 13 de junio pasado por elementos de la Agencia Ministerial de Investigaci\u00f3n Criminal (AMIC); posteriormente, se llev\u00f3 a cabo una acci\u00f3n de cateo en el consultorio donde se asegur\u00f3 instrumental m\u00e9dico, medicamentos y otros indicios.<\/p>\n\n\n\n<p id=\"geom_inter_1718602493092_13_27\">Las investigaciones contin\u00faan a trav\u00e9s de la Agencia del Ministerio P\u00fablico Investigador Especializado en Delitos Contra los Animales por Actos de Maltrato o Crueldad.<\/p>\n\n\n\n<p>Estas medidas demuestran el en\u00e9rgico compromiso de la Fiscal\u00eda General de Justicia del Estado de Sonora (FGJES) en la lucha contra la crueldad y el maltrato hacia los animales, acciones que suscitan un fuerte repudio en la sociedad en su conjunto.&#8211;<\/p>\n","protected":false},"excerpt":{"rendered":"<p>Hermosillo, Sonora, 15 de junio de 2024.-&nbsp;V\u00edctor \u201cN\u201d, de 52 a\u00f1os, fue vinculado a proceso por un Juez como probable responsable de la comisi\u00f3n del delito de usurpaci\u00f3n de funciones p\u00fablicas o profesionista, al ejercer como m\u00e9dico veterinario en Hermosillo, ante los datos de prueba presentados por la Fiscal\u00eda General de Justicia del Estado de [&hellip;]<\/p>\n","protected":false},"author":1,"featured_media":5373,"comment_status":"open","ping_status":"open","sticky":false,"template":"","format":"standard","meta":{"footnotes":""},"categories":[32],"tags":[],"class_list":["post-5372","post","type-post","status-publish","format-standard","has-post-thumbnail","hentry","category-policiaca"],"_links":{"self":[{"href":"https:\/\/elreporterodelacomunidad.com\/index.php\/wp-json\/wp\/v2\/posts\/5372","targetHints":{"allow":["GET"]}}],"collection":[{"href":"https:\/\/elreporterodelacomunidad.com\/index.php\/wp-json\/wp\/v2\/posts"}],"about":[{"href":"https:\/\/elreporterodelacomunidad.com\/index.php\/wp-json\/wp\/v2\/types\/post"}],"author":[{"embeddable":true,"href":"https:\/\/elreporterodelacomunidad.com\/index.php\/wp-json\/wp\/v2\/users\/1"}],"replies":[{"embeddable":true,"href":"https:\/\/elreporterodelacomunidad.com\/index.php\/wp-json\/wp\/v2\/comments?post=5372"}],"version-history":[{"count":1,"href":"https:\/\/elreporterodelacomunidad.com\/index.php\/wp-json\/wp\/v2\/posts\/5372\/revisions"}],"predecessor-version":[{"id":5374,"href":"https:\/\/elreporterodelacomunidad.com\/index.php\/wp-json\/wp\/v2\/posts\/5372\/revisions\/5374"}],"wp:featuredmedia":[{"embeddable":true,"href":"https:\/\/elreporterodelacomunidad.com\/index.php\/wp-json\/wp\/v2\/media\/5373"}],"wp:attachment":[{"href":"https:\/\/elreporterodelacomunidad.com\/index.php\/wp-json\/wp\/v2\/media?parent=5372"}],"wp:term":[{"taxonomy":"category","embeddable":true,"href":"https:\/\/elreporterodelacomunidad.com\/index.php\/wp-json\/wp\/v2\/categories?post=5372"},{"taxonomy":"post_tag","embeddable":true,"href":"https:\/\/elreporterodelacomunidad.com\/index.php\/wp-json\/wp\/v2\/tags?post=5372"}],"curies":[{"name":"wp","href":"https:\/\/api.w.org\/{rel}","templated":true}]}}