{"id":5301,"date":"2024-06-14T19:56:09","date_gmt":"2024-06-15T02:56:09","guid":{"rendered":"https:\/\/elreporterodelacomunidad.com\/?p=5301"},"modified":"2024-06-14T19:56:11","modified_gmt":"2024-06-15T02:56:11","slug":"diego-luna-presenta-estado-de-silencio-un-documental-que-expone-las-dificultades-del-periodismo-en-mexico","status":"publish","type":"post","link":"https:\/\/elreporterodelacomunidad.com\/index.php\/2024\/06\/14\/diego-luna-presenta-estado-de-silencio-un-documental-que-expone-las-dificultades-del-periodismo-en-mexico\/","title":{"rendered":"Diego Luna presenta \u201cEstado de Silencio\u201d: Un documental que expone las dificultades del periodismo en M\u00e9xico."},"content":{"rendered":"\n<p>La pel\u00edcula, dirigida por Santiago Maza, sigue a cuatro reporteros en su trabajo diario, destacando la impunidad y los riesgos que enfrentan al denunciar injusticias y corrupci\u00f3n.<\/p>\n\n\n\n<p><\/p>\n\n\n\n<p>CIUDAD DE M\u00c9XICO a 14 de Junio del 2024.- En el marco del Festival Internacional de Cine en Guadalajara, Diego Luna present\u00f3 su m\u00e1s reciente obra: \u201cEstado de Silencio\u201d. El actor, reconocido por sus papeles en \u201cRogue One: una historia de Star Wars\u201d y \u201cY tu mam\u00e1 tambi\u00e9n\u201d, destac\u00f3 la relevancia de esta producci\u00f3n documental. Seg\u00fan Luna, el filme no solo aborda la realidad del periodismo en M\u00e9xico, sino que tambi\u00e9n invita a la ciudadan\u00eda a reflexionar y actuar frente a los retos que enfrentan los reporteros en su labor diaria.<\/p>\n\n\n\n<p>El largometraje se centra en cuatro periodistas mexicanos \u2014Mar\u00eda de Jes\u00fas Peters, Marcos Vizcarra, Jes\u00fas Medina y Juan de Dios Garc\u00eda\u2014 quienes enfrentan constantes obst\u00e1culos y peligros mientras denuncian injusticias y corrupci\u00f3n. La obra dirigida por Santiago Maza muestra de manera cruda la amenaza y la impunidad que rodean a quienes ejercen el periodismo en el pa\u00eds.<\/p>\n\n\n\n<p>Diego Luna, durante una sesi\u00f3n de preguntas y respuestas con el p\u00fablico, enfatiz\u00f3 la importancia de que la ciudadan\u00eda se involucre activamente en la defensa de la libertad de informaci\u00f3n. Para el actor y productor, \u201cEstado de Silencio\u201d representa un llamado a la comunidad a hacer frente a estos desaf\u00edos y a valorar el derecho fundamental de acceder a una informaci\u00f3n veraz y libre.<\/p>\n\n\n\n<p>El camino hacia \u201cEstado de Silencio\u201d<\/p>\n\n\n\n<p>El documental surge de la inquietud de Diego Luna por explorar la realidad del periodismo en M\u00e9xico. Seg\u00fan relat\u00f3, la idea comenz\u00f3 a gestarse en 2018, pero enfrent\u00f3 dificultades para encontrar apoyo financiero y productivo. A pesar de los obst\u00e1culos, Luna y su compa\u00f1\u00eda La Corriente del Golfo, cofundada con Gael Garc\u00eda Bernal, decidieron liderar el proyecto y llevarlo a cabo por su cuenta.<\/p>\n\n\n\n<p>Luna record\u00f3 el esfuerzo por concretar el filme, mencionando que inicialmente pensaron en hacer una serie para abordar m\u00faltiples casos, pero se encontraron con el rechazo de varios productores. Sin embargo, el actor persisti\u00f3 en su visi\u00f3n de poner de relieve la importancia del periodismo como pilar de la sociedad democr\u00e1tica.<\/p>\n\n\n\n<p>La voz de los protagonistas<\/p>\n\n\n\n<p>Durante la presentaci\u00f3n, Mar\u00eda de Jes\u00fas Peters, corresponsal de El Universal en Chiapas, expres\u00f3 su deseo de que la pel\u00edcula contribuya a visibilizar los desaf\u00edos que enfrentan los periodistas en M\u00e9xico. Subray\u00f3 la importancia de que la sociedad reconozca y apoye la labor de quienes informan sobre temas cruciales, a menudo enfrentando amenazas y riesgos personales.<\/p>\n\n\n\n<p>Peters lament\u00f3 el poco inter\u00e9s que a veces despierta su trabajo en la sociedad y destac\u00f3 la necesidad de que el documental genere conciencia sobre la vulnerabilidad de los periodistas en su ejercicio profesional.<\/p>\n\n\n\n<p>En resumen, \u201cEstado de Silencio\u201d no solo es un documental que expone las dificultades del periodismo en M\u00e9xico, sino tambi\u00e9n un llamado a la acci\u00f3n y a la solidaridad ciudadana. Diego Luna, junto con los periodistas protagonistas, busca que esta obra no solo informe, sino que inspire un cambio positivo en la percepci\u00f3n y apoyo hacia quienes enfrentan diariamente el desaf\u00edo de contar historias que importan.<\/p>\n","protected":false},"excerpt":{"rendered":"<p>La pel\u00edcula, dirigida por Santiago Maza, sigue a cuatro reporteros en su trabajo diario, destacando la impunidad y los riesgos que enfrentan al denunciar injusticias y corrupci\u00f3n. CIUDAD DE M\u00c9XICO a 14 de Junio del 2024.- En el marco del Festival Internacional de Cine en Guadalajara, Diego Luna present\u00f3 su m\u00e1s reciente obra: \u201cEstado de [&hellip;]<\/p>\n","protected":false},"author":1,"featured_media":5302,"comment_status":"open","ping_status":"open","sticky":false,"template":"","format":"standard","meta":{"footnotes":""},"categories":[31],"tags":[],"class_list":["post-5301","post","type-post","status-publish","format-standard","has-post-thumbnail","hentry","category-espectaculos"],"_links":{"self":[{"href":"https:\/\/elreporterodelacomunidad.com\/index.php\/wp-json\/wp\/v2\/posts\/5301","targetHints":{"allow":["GET"]}}],"collection":[{"href":"https:\/\/elreporterodelacomunidad.com\/index.php\/wp-json\/wp\/v2\/posts"}],"about":[{"href":"https:\/\/elreporterodelacomunidad.com\/index.php\/wp-json\/wp\/v2\/types\/post"}],"author":[{"embeddable":true,"href":"https:\/\/elreporterodelacomunidad.com\/index.php\/wp-json\/wp\/v2\/users\/1"}],"replies":[{"embeddable":true,"href":"https:\/\/elreporterodelacomunidad.com\/index.php\/wp-json\/wp\/v2\/comments?post=5301"}],"version-history":[{"count":1,"href":"https:\/\/elreporterodelacomunidad.com\/index.php\/wp-json\/wp\/v2\/posts\/5301\/revisions"}],"predecessor-version":[{"id":5303,"href":"https:\/\/elreporterodelacomunidad.com\/index.php\/wp-json\/wp\/v2\/posts\/5301\/revisions\/5303"}],"wp:featuredmedia":[{"embeddable":true,"href":"https:\/\/elreporterodelacomunidad.com\/index.php\/wp-json\/wp\/v2\/media\/5302"}],"wp:attachment":[{"href":"https:\/\/elreporterodelacomunidad.com\/index.php\/wp-json\/wp\/v2\/media?parent=5301"}],"wp:term":[{"taxonomy":"category","embeddable":true,"href":"https:\/\/elreporterodelacomunidad.com\/index.php\/wp-json\/wp\/v2\/categories?post=5301"},{"taxonomy":"post_tag","embeddable":true,"href":"https:\/\/elreporterodelacomunidad.com\/index.php\/wp-json\/wp\/v2\/tags?post=5301"}],"curies":[{"name":"wp","href":"https:\/\/api.w.org\/{rel}","templated":true}]}}