{"id":5261,"date":"2024-06-13T21:36:52","date_gmt":"2024-06-14T04:36:52","guid":{"rendered":"https:\/\/elreporterodelacomunidad.com\/?p=5261"},"modified":"2024-06-13T21:36:53","modified_gmt":"2024-06-14T04:36:53","slug":"muere-johnny-canales-a-los-77-anos","status":"publish","type":"post","link":"https:\/\/elreporterodelacomunidad.com\/index.php\/2024\/06\/13\/muere-johnny-canales-a-los-77-anos\/","title":{"rendered":"Muere Johnny Canales a los 77 a\u00f1os."},"content":{"rendered":"\n<p>El programa de Johnny Canales fue crucial para muchos artistas latinos, incluyendo a Selena Quintanilla y Ramon Ayala.<\/p>\n\n\n\n<p><\/p>\n\n\n\n<p>Ciudad de M\u00e9xico a 13 de Junio del 2024.- Johnny Canales, la leyenda de la m\u00fasica texana falleci\u00f3 a los 77 a\u00f1os, conmoviendo a la comunidad de la m\u00fasica tejana y a sus seguidores del mundo.<\/p>\n\n\n\n<p>La salud de Johnny hab\u00eda sido un tema de preocupaci\u00f3n durante varios a\u00f1os. En 2008, sufri\u00f3 problemas de salud, incluyendo un derrame cerebral que paus\u00f3 sus proyectos.<\/p>\n\n\n\n<p>A pesar de una recuperaci\u00f3n completa tras cirug\u00eda card\u00edaca y terapia f\u00edsica, continu\u00f3 enfrentando desaf\u00edos de salud hasta su fallecimiento.<\/p>\n\n\n\n<p>Los \u00faltimos a\u00f1os<\/p>\n\n\n\n<p>En los \u00faltimos tiempos, su esposa Nora y su familia lucharon contra rumores sobre su estado. Manteniendo una actitud positiva, la familia Canales agradeci\u00f3 a los fans por sus oraciones y buenos deseos.<\/p>\n\n\n\n<p>Johnny Canales comenz\u00f3 su carrera musical en 1969 y se convirti\u00f3 en un nombre familiar en la m\u00fasica tejana. Su programa \u201cThe Johnny Canales Show\u201d fue crucial para muchos artistas latinos, incluyendo a Selena Quintanilla y Ramon Ayala.<\/p>\n\n\n\n<p>El lema de Johnny era \u201c\u00a1You got it! Take it away!\u201d que reson\u00f3 con la audiencia y promovi\u00f3 inclusi\u00f3n y diversidad cultural.<\/p>\n","protected":false},"excerpt":{"rendered":"<p>El programa de Johnny Canales fue crucial para muchos artistas latinos, incluyendo a Selena Quintanilla y Ramon Ayala. Ciudad de M\u00e9xico a 13 de Junio del 2024.- Johnny Canales, la leyenda de la m\u00fasica texana falleci\u00f3 a los 77 a\u00f1os, conmoviendo a la comunidad de la m\u00fasica tejana y a sus seguidores del mundo. La [&hellip;]<\/p>\n","protected":false},"author":1,"featured_media":5262,"comment_status":"open","ping_status":"open","sticky":false,"template":"","format":"standard","meta":{"footnotes":""},"categories":[31],"tags":[],"class_list":["post-5261","post","type-post","status-publish","format-standard","has-post-thumbnail","hentry","category-espectaculos"],"_links":{"self":[{"href":"https:\/\/elreporterodelacomunidad.com\/index.php\/wp-json\/wp\/v2\/posts\/5261","targetHints":{"allow":["GET"]}}],"collection":[{"href":"https:\/\/elreporterodelacomunidad.com\/index.php\/wp-json\/wp\/v2\/posts"}],"about":[{"href":"https:\/\/elreporterodelacomunidad.com\/index.php\/wp-json\/wp\/v2\/types\/post"}],"author":[{"embeddable":true,"href":"https:\/\/elreporterodelacomunidad.com\/index.php\/wp-json\/wp\/v2\/users\/1"}],"replies":[{"embeddable":true,"href":"https:\/\/elreporterodelacomunidad.com\/index.php\/wp-json\/wp\/v2\/comments?post=5261"}],"version-history":[{"count":1,"href":"https:\/\/elreporterodelacomunidad.com\/index.php\/wp-json\/wp\/v2\/posts\/5261\/revisions"}],"predecessor-version":[{"id":5263,"href":"https:\/\/elreporterodelacomunidad.com\/index.php\/wp-json\/wp\/v2\/posts\/5261\/revisions\/5263"}],"wp:featuredmedia":[{"embeddable":true,"href":"https:\/\/elreporterodelacomunidad.com\/index.php\/wp-json\/wp\/v2\/media\/5262"}],"wp:attachment":[{"href":"https:\/\/elreporterodelacomunidad.com\/index.php\/wp-json\/wp\/v2\/media?parent=5261"}],"wp:term":[{"taxonomy":"category","embeddable":true,"href":"https:\/\/elreporterodelacomunidad.com\/index.php\/wp-json\/wp\/v2\/categories?post=5261"},{"taxonomy":"post_tag","embeddable":true,"href":"https:\/\/elreporterodelacomunidad.com\/index.php\/wp-json\/wp\/v2\/tags?post=5261"}],"curies":[{"name":"wp","href":"https:\/\/api.w.org\/{rel}","templated":true}]}}