{"id":5225,"date":"2024-06-13T20:06:09","date_gmt":"2024-06-14T03:06:09","guid":{"rendered":"https:\/\/elreporterodelacomunidad.com\/?p=5225"},"modified":"2024-06-13T20:06:10","modified_gmt":"2024-06-14T03:06:10","slug":"localizada-adulta-mayor-extraviada-en-magdalena-de-kino","status":"publish","type":"post","link":"https:\/\/elreporterodelacomunidad.com\/index.php\/2024\/06\/13\/localizada-adulta-mayor-extraviada-en-magdalena-de-kino\/","title":{"rendered":"Localizada adulta mayor extraviada en Magdalena de Kino."},"content":{"rendered":"\n<p>Los trabajos de b\u00fasqueda iniciaron desde el pasado 10 de junio, derivando en la exitosa localizaci\u00f3n con vida de la f\u00e9mina.<\/p>\n\n\n\n<p>Hermosillo, Sonora, 13 de junio de 2024.- Derivado de las investigaciones iniciadas por elementos de la Agencia Ministerial de Investigaci\u00f3n Criminal (AMIC) desde el pasado 10 de junio, la Fiscal\u00eda General de Justicia del Estado de Sonora ( FGJES) informa que la ciudadana Mar\u00eda de la Luz Quiroz Rubio, de 69 a\u00f1os de edad, fue localizada con vida y a salvo.<\/p>\n\n\n\n<p>Por otra parte con relaci\u00f3n al bolet\u00edn de medidas cautelares emitidas por la Comisi\u00f3n Estatal de Derechos Humanos hasta el 13 de junio del a\u00f1o en curso, se informa que desde el momento en el que se report\u00f3 su desaparici\u00f3n el pasado 10 de junio se iniciaron las acciones de b\u00fasqueda, formaliz\u00e1ndose la denuncia con fecha 11 del mes en curso, por lo que se emiti\u00f3 el pasado 12 de junio la ficha correspondiente de Protocolo Alba, a fin de hacer extensiva su b\u00fasqueda.<\/p>\n\n\n\n<p>De este modo, a las 15:00 horas de este 13 de junio se logr\u00f3 ubicar con vida a la mujer, de 69 a\u00f1os de edad, quien hab\u00eda permanecido los \u00faltimos tres d\u00edas debajo de un puente ubicado en Carretera Internacional 15 y\/o avenida Ni\u00f1os H\u00e9roes, Salida Sur, municipio de Magdalena de Kino, Sonora.<\/p>\n\n\n\n<p>Tras esto la mujer fue trasladada de forma inmediata a recibir atenci\u00f3n m\u00e9dica en un nosocomio de la localidad, siendo diagnosticada con un cuadro de deshidrataci\u00f3n.<\/p>\n","protected":false},"excerpt":{"rendered":"<p>Los trabajos de b\u00fasqueda iniciaron desde el pasado 10 de junio, derivando en la exitosa localizaci\u00f3n con vida de la f\u00e9mina. Hermosillo, Sonora, 13 de junio de 2024.- Derivado de las investigaciones iniciadas por elementos de la Agencia Ministerial de Investigaci\u00f3n Criminal (AMIC) desde el pasado 10 de junio, la Fiscal\u00eda General de Justicia del [&hellip;]<\/p>\n","protected":false},"author":1,"featured_media":5226,"comment_status":"open","ping_status":"open","sticky":false,"template":"","format":"standard","meta":{"footnotes":""},"categories":[34,32],"tags":[],"class_list":["post-5225","post","type-post","status-publish","format-standard","has-post-thumbnail","hentry","category-general","category-policiaca"],"_links":{"self":[{"href":"https:\/\/elreporterodelacomunidad.com\/index.php\/wp-json\/wp\/v2\/posts\/5225","targetHints":{"allow":["GET"]}}],"collection":[{"href":"https:\/\/elreporterodelacomunidad.com\/index.php\/wp-json\/wp\/v2\/posts"}],"about":[{"href":"https:\/\/elreporterodelacomunidad.com\/index.php\/wp-json\/wp\/v2\/types\/post"}],"author":[{"embeddable":true,"href":"https:\/\/elreporterodelacomunidad.com\/index.php\/wp-json\/wp\/v2\/users\/1"}],"replies":[{"embeddable":true,"href":"https:\/\/elreporterodelacomunidad.com\/index.php\/wp-json\/wp\/v2\/comments?post=5225"}],"version-history":[{"count":1,"href":"https:\/\/elreporterodelacomunidad.com\/index.php\/wp-json\/wp\/v2\/posts\/5225\/revisions"}],"predecessor-version":[{"id":5227,"href":"https:\/\/elreporterodelacomunidad.com\/index.php\/wp-json\/wp\/v2\/posts\/5225\/revisions\/5227"}],"wp:featuredmedia":[{"embeddable":true,"href":"https:\/\/elreporterodelacomunidad.com\/index.php\/wp-json\/wp\/v2\/media\/5226"}],"wp:attachment":[{"href":"https:\/\/elreporterodelacomunidad.com\/index.php\/wp-json\/wp\/v2\/media?parent=5225"}],"wp:term":[{"taxonomy":"category","embeddable":true,"href":"https:\/\/elreporterodelacomunidad.com\/index.php\/wp-json\/wp\/v2\/categories?post=5225"},{"taxonomy":"post_tag","embeddable":true,"href":"https:\/\/elreporterodelacomunidad.com\/index.php\/wp-json\/wp\/v2\/tags?post=5225"}],"curies":[{"name":"wp","href":"https:\/\/api.w.org\/{rel}","templated":true}]}}