{"id":5156,"date":"2024-06-12T19:21:48","date_gmt":"2024-06-13T02:21:48","guid":{"rendered":"https:\/\/elreporterodelacomunidad.com\/?p=5156"},"modified":"2024-06-12T19:23:23","modified_gmt":"2024-06-13T02:23:23","slug":"5156","status":"publish","type":"post","link":"https:\/\/elreporterodelacomunidad.com\/index.php\/2024\/06\/12\/5156\/","title":{"rendered":"Se intoxican 5 estudiantes tras inhalar un vapeador en una secundaria de Apatzing\u00e1n, Michoac\u00e1n."},"content":{"rendered":"\n<p>Los j\u00f3venes, de 14 a\u00f1os, fueron atendidos por autoridades sanitarias y trasladados a hospitales donde su estado fue reportado como estable.<\/p>\n\n\n\n<p><\/p>\n\n\n\n<p>Michoac\u00e1n a 12 de Junio del 2024.- La Secretar\u00eda de Salud local inform\u00f3 que cinco estudiantes de la secundaria t\u00e9cnica n\u00famero 5 resultaron intoxicados tras inhalar un vapeador en Apatzing\u00e1n, Michoac\u00e1n.<\/p>\n\n\n\n<p>\u200bLos hechos se registraron este mi\u00e9rcoles en el turno matutino, dentro de las instalaciones educativas.<\/p>\n\n\n\n<p>Los j\u00f3venes presentaron s\u00edntomas que alarmaron a profesores y alumnos, quienes no dudaron en llamar al n\u00famero de emergencias para reportar lo sucedido.<\/p>\n\n\n\n<p>Tras el incidente, las autoridades de la jurisdicci\u00f3n sanitaria local informaron que atendieron a cinco adolescentes de 14 a\u00f1os de edad.<\/p>\n\n\n\n<p>Los j\u00f3venes fueron canalizados a distintos hospitales y cl\u00ednicas de la regi\u00f3n donde recibieron atenci\u00f3n m\u00e9dica.<\/p>\n\n\n\n<p>De acuerdo con el reporte preliminar, los estudiantes consumieron una sustancia a trav\u00e9s de un vapeador, la cual a\u00fan se desconoce y ya es motivo de an\u00e1lisis.<\/p>\n\n\n\n<p>La jurisdicci\u00f3n sanitaria de Apatzing\u00e1n se desplaz\u00f3 hasta la escuela para entrevistarse con el director.<\/p>\n\n\n\n<p>Adem\u00e1s, informaron que los cinco pacientes podr\u00edan ser dados de alta en las pr\u00f3ximas horas, ya que su estado de salud se encontraba estable y solo manifestaron somnolencia.<\/p>\n\n\n\n<p>Mientras tanto, la Fiscal\u00eda Regional ya realiza las diligencias correspondientes para deslindar responsabilidades.<\/p>\n\n\n\n<p>Por su parte, la autoridad educativa, a trav\u00e9s de un oficio, indic\u00f3 que se aplic\u00f3 el protocolo establecido en la gu\u00eda de convivencia escolar.<\/p>\n\n\n\n<p>No se suspendieron las clases; la escuela contin\u00faa trabajando de manera normal y seguir\u00e1n implementando medidas de seguridad para garantizar el bienestar de los alumnos.<\/p>\n","protected":false},"excerpt":{"rendered":"<p>Los j\u00f3venes, de 14 a\u00f1os, fueron atendidos por autoridades sanitarias y trasladados a hospitales donde su estado fue reportado como estable. Michoac\u00e1n a 12 de Junio del 2024.- La Secretar\u00eda de Salud local inform\u00f3 que cinco estudiantes de la secundaria t\u00e9cnica n\u00famero 5 resultaron intoxicados tras inhalar un vapeador en Apatzing\u00e1n, Michoac\u00e1n. \u200bLos hechos se [&hellip;]<\/p>\n","protected":false},"author":1,"featured_media":5157,"comment_status":"open","ping_status":"open","sticky":false,"template":"","format":"standard","meta":{"footnotes":""},"categories":[34,32],"tags":[],"class_list":["post-5156","post","type-post","status-publish","format-standard","has-post-thumbnail","hentry","category-general","category-policiaca"],"_links":{"self":[{"href":"https:\/\/elreporterodelacomunidad.com\/index.php\/wp-json\/wp\/v2\/posts\/5156","targetHints":{"allow":["GET"]}}],"collection":[{"href":"https:\/\/elreporterodelacomunidad.com\/index.php\/wp-json\/wp\/v2\/posts"}],"about":[{"href":"https:\/\/elreporterodelacomunidad.com\/index.php\/wp-json\/wp\/v2\/types\/post"}],"author":[{"embeddable":true,"href":"https:\/\/elreporterodelacomunidad.com\/index.php\/wp-json\/wp\/v2\/users\/1"}],"replies":[{"embeddable":true,"href":"https:\/\/elreporterodelacomunidad.com\/index.php\/wp-json\/wp\/v2\/comments?post=5156"}],"version-history":[{"count":2,"href":"https:\/\/elreporterodelacomunidad.com\/index.php\/wp-json\/wp\/v2\/posts\/5156\/revisions"}],"predecessor-version":[{"id":5160,"href":"https:\/\/elreporterodelacomunidad.com\/index.php\/wp-json\/wp\/v2\/posts\/5156\/revisions\/5160"}],"wp:featuredmedia":[{"embeddable":true,"href":"https:\/\/elreporterodelacomunidad.com\/index.php\/wp-json\/wp\/v2\/media\/5157"}],"wp:attachment":[{"href":"https:\/\/elreporterodelacomunidad.com\/index.php\/wp-json\/wp\/v2\/media?parent=5156"}],"wp:term":[{"taxonomy":"category","embeddable":true,"href":"https:\/\/elreporterodelacomunidad.com\/index.php\/wp-json\/wp\/v2\/categories?post=5156"},{"taxonomy":"post_tag","embeddable":true,"href":"https:\/\/elreporterodelacomunidad.com\/index.php\/wp-json\/wp\/v2\/tags?post=5156"}],"curies":[{"name":"wp","href":"https:\/\/api.w.org\/{rel}","templated":true}]}}