{"id":5153,"date":"2024-06-12T19:16:55","date_gmt":"2024-06-13T02:16:55","guid":{"rendered":"https:\/\/elreporterodelacomunidad.com\/?p=5153"},"modified":"2024-06-12T19:16:56","modified_gmt":"2024-06-13T02:16:56","slug":"incendio-en-guaymas-dejo-danos-en-cinco-casas-un-taller-y-destruyo-vegetacion","status":"publish","type":"post","link":"https:\/\/elreporterodelacomunidad.com\/index.php\/2024\/06\/12\/incendio-en-guaymas-dejo-danos-en-cinco-casas-un-taller-y-destruyo-vegetacion\/","title":{"rendered":"Incendio en Guaymas dej\u00f3 da\u00f1os en cinco casas, un taller y destruy\u00f3 vegetaci\u00f3n."},"content":{"rendered":"\n<p>Desde la ma\u00f1ana del pasado martes 11 de junio comenz\u00f3 el fuerte incendio forestal, el cual devast\u00f3 una importante cantidad de vegetaci\u00f3n.<\/p>\n\n\n\n<p><\/p>\n\n\n\n<p>Guaymas, Sonora a 12 de Junio del 2024.- M\u00e1s de 300 elementos de diferentes instancias de gobierno fueron necesarios para sofocar por completo el mega incendio que se registr\u00f3 el pasado martes en la zona del Tular, en el municipio de Guaymas.<\/p>\n\n\n\n<p>Desde la ma\u00f1ana del pasado martes 11 de junio comenz\u00f3 el fuerte incendio forestal, el cual devast\u00f3 una importante cantidad de vegetaci\u00f3n en \u00e1reas como Los Pinos y Petrolera, pues las llamas alcanzaron varios metros de altura y formaron una densa columna de humo visible desde diferentes puntos del puerto.<\/p>\n\n\n\n<p>Fue hasta las 6:00 horas de este mi\u00e9rcoles 12 de junio que se report\u00f3 la liquidaci\u00f3n total del incendio, pues al filo de las 5:00 horas se reactivaron las llamas en un peque\u00f1o sector de la zona, las cuales fueron r\u00e1pidamente sofocadas por elementos de bomberos, dejando a la poblaci\u00f3n fuera de riesgo.<\/p>\n\n\n\n<p>La Coordinaci\u00f3n Estatal de Protecci\u00f3n Civil (CEPC) report\u00f3 que, presuntamente, el origen del incendio se debi\u00f3 a una sobrecarga en un transformador de energ\u00eda, lo que provoc\u00f3 da\u00f1os en cinco viviendas de la zona, as\u00ed como en un taller mec\u00e1nico y una casa rodante.<\/p>\n\n\n\n<p>Asimismo, aunque el siniestro inici\u00f3 en una parte del terreno enmontado junto a la colonia Villas del Tular, se decidi\u00f3 evacuar oportunamente a aproximadamente 50 personas de las viviendas aleda\u00f1as, para evitar cualquier afectaci\u00f3n a la integridad f\u00edsica de la ciudadan\u00eda, siendo llevadas a un albergue.<\/p>\n\n\n\n<p>Aunque ning\u00fan civil result\u00f3 lesionado durante la atenci\u00f3n del siniestro, se report\u00f3 que al menos dos elementos de bomberos requirieron atenci\u00f3n m\u00e9dica mientras colaboraban en el combate de las llamas, sin embargo, se encuentran estables y fuera de peligro.<\/p>\n\n\n\n<p>Durante largas horas, personal de diferentes corporaciones participaron en el combate al incendio, tales como Bomberos de Guaymas, de Cajeme, de Empalme, personal de la Marina, de la Guardia Nacional, de la Brigada Estatal de Manejo de Fuego de Sagarhpa y Protecci\u00f3n Civil, del Ej\u00e9rcito Mexicano, de Polic\u00eda Estatal de Seguridad P\u00fablica, de la Polic\u00eda Municipal y Cruz Roja.<\/p>\n\n\n\n<p>Se cont\u00f3 con el apoyo de personal y equipo de dependencias estatales como la Secretar\u00eda de Infraestructura y Desarrollo Urbano (SIDUR), Secretar\u00eda de Salud, as\u00ed como la Comisi\u00f3n Estatal del Agua (CEA), para sofocar el incendio.<\/p>\n","protected":false},"excerpt":{"rendered":"<p>Desde la ma\u00f1ana del pasado martes 11 de junio comenz\u00f3 el fuerte incendio forestal, el cual devast\u00f3 una importante cantidad de vegetaci\u00f3n. Guaymas, Sonora a 12 de Junio del 2024.- M\u00e1s de 300 elementos de diferentes instancias de gobierno fueron necesarios para sofocar por completo el mega incendio que se registr\u00f3 el pasado martes en [&hellip;]<\/p>\n","protected":false},"author":1,"featured_media":5154,"comment_status":"open","ping_status":"open","sticky":false,"template":"","format":"standard","meta":{"footnotes":""},"categories":[34,32],"tags":[],"class_list":["post-5153","post","type-post","status-publish","format-standard","has-post-thumbnail","hentry","category-general","category-policiaca"],"_links":{"self":[{"href":"https:\/\/elreporterodelacomunidad.com\/index.php\/wp-json\/wp\/v2\/posts\/5153","targetHints":{"allow":["GET"]}}],"collection":[{"href":"https:\/\/elreporterodelacomunidad.com\/index.php\/wp-json\/wp\/v2\/posts"}],"about":[{"href":"https:\/\/elreporterodelacomunidad.com\/index.php\/wp-json\/wp\/v2\/types\/post"}],"author":[{"embeddable":true,"href":"https:\/\/elreporterodelacomunidad.com\/index.php\/wp-json\/wp\/v2\/users\/1"}],"replies":[{"embeddable":true,"href":"https:\/\/elreporterodelacomunidad.com\/index.php\/wp-json\/wp\/v2\/comments?post=5153"}],"version-history":[{"count":1,"href":"https:\/\/elreporterodelacomunidad.com\/index.php\/wp-json\/wp\/v2\/posts\/5153\/revisions"}],"predecessor-version":[{"id":5155,"href":"https:\/\/elreporterodelacomunidad.com\/index.php\/wp-json\/wp\/v2\/posts\/5153\/revisions\/5155"}],"wp:featuredmedia":[{"embeddable":true,"href":"https:\/\/elreporterodelacomunidad.com\/index.php\/wp-json\/wp\/v2\/media\/5154"}],"wp:attachment":[{"href":"https:\/\/elreporterodelacomunidad.com\/index.php\/wp-json\/wp\/v2\/media?parent=5153"}],"wp:term":[{"taxonomy":"category","embeddable":true,"href":"https:\/\/elreporterodelacomunidad.com\/index.php\/wp-json\/wp\/v2\/categories?post=5153"},{"taxonomy":"post_tag","embeddable":true,"href":"https:\/\/elreporterodelacomunidad.com\/index.php\/wp-json\/wp\/v2\/tags?post=5153"}],"curies":[{"name":"wp","href":"https:\/\/api.w.org\/{rel}","templated":true}]}}