{"id":5114,"date":"2024-06-11T20:43:00","date_gmt":"2024-06-12T03:43:00","guid":{"rendered":"https:\/\/elreporterodelacomunidad.com\/?p=5114"},"modified":"2024-06-11T20:43:02","modified_gmt":"2024-06-12T03:43:02","slug":"fgjes-logra-vinculacion-a-proceso-para-julian-alfonso-n-por-feminicidio-y-violencia-familiar-en-san-luis-rio-colorado","status":"publish","type":"post","link":"https:\/\/elreporterodelacomunidad.com\/index.php\/2024\/06\/11\/fgjes-logra-vinculacion-a-proceso-para-julian-alfonso-n-por-feminicidio-y-violencia-familiar-en-san-luis-rio-colorado\/","title":{"rendered":"FGJES logra vinculaci\u00f3n a proceso para Juli\u00e1n Alfonso \u201cN\u201d por feminicidio y violencia familiar en San Luis R\u00edo Colorado."},"content":{"rendered":"\n<p><\/p>\n\n\n\n<p><strong>San Luis R\u00edo Colorado, Sonora, 11 de junio de 2024.-<\/strong>&nbsp;La Fiscal\u00eda General de Justicia del Estado de Sonora (FGJES) logr\u00f3 la vinculaci\u00f3n a proceso contra Juli\u00e1n Alfonso \u201cN\u201d por los delitos de feminicidio en perjuicio de Dayana Gabriela y\/o Diana Gabriela \u201cN\u201d y violencia familiar equiparada.<\/p>\n\n\n\n<p>Los hechos ocurrieron el 5 de junio de 2024, entre las 04:00 y las 06:00 horas, cuando Juli\u00e1n Alfonso \u201cN\u201d se encontraba en un domicilio en la colonia Aeropuerto de San Luis R\u00edo Colorado, Sonora, con su pareja sentimental, Dayana Gabriela \u201cN\u201d y\/o Diana Gabriela \u201cN\u201d, hermana de un conocido cantante de m\u00fasica regional mexicana.<\/p>\n\n\n\n<p>Seg\u00fan la teor\u00eda del caso, el imputado utiliz\u00f3 un arma punzocortante para apu\u00f1alar a la v\u00edctima, provoc\u00e1ndole la muerte. Posteriormente, prendi\u00f3 fuego al colch\u00f3n donde se encontraba y escap\u00f3 del lugar.<\/p>\n\n\n\n<p>Adem\u00e1s, se le imputa que, desde agosto de 2023 hasta el 3 de junio de 2024, agredi\u00f3 a la menor hija de la fallecida, ejerciendo actos de violencia verbal, psicoemocional y f\u00edsica de manera frecuente y casi diaria.<\/p>\n\n\n\n<p>Durante la audiencia de vinculaci\u00f3n a proceso el Juez impuso la medida cautelar de prisi\u00f3n preventiva justificada y se otorgaron 4 meses de investigaci\u00f3n complementaria.<\/p>\n\n\n\n<p>La Fiscal\u00eda General de Justicia del Estado de Sonora (FGJES) continuar\u00e1 con la acusaci\u00f3n para fortalecer su caudal probatorio a fin de lograr la pena m\u00e1s alta que en Derecho proceda y garantizar el acceso a las mujeres a una vida libre de violencia.<\/p>\n","protected":false},"excerpt":{"rendered":"<p>San Luis R\u00edo Colorado, Sonora, 11 de junio de 2024.-&nbsp;La Fiscal\u00eda General de Justicia del Estado de Sonora (FGJES) logr\u00f3 la vinculaci\u00f3n a proceso contra Juli\u00e1n Alfonso \u201cN\u201d por los delitos de feminicidio en perjuicio de Dayana Gabriela y\/o Diana Gabriela \u201cN\u201d y violencia familiar equiparada. Los hechos ocurrieron el 5 de junio de 2024, [&hellip;]<\/p>\n","protected":false},"author":1,"featured_media":5115,"comment_status":"open","ping_status":"open","sticky":false,"template":"","format":"standard","meta":{"footnotes":""},"categories":[34,32],"tags":[],"class_list":["post-5114","post","type-post","status-publish","format-standard","has-post-thumbnail","hentry","category-general","category-policiaca"],"_links":{"self":[{"href":"https:\/\/elreporterodelacomunidad.com\/index.php\/wp-json\/wp\/v2\/posts\/5114","targetHints":{"allow":["GET"]}}],"collection":[{"href":"https:\/\/elreporterodelacomunidad.com\/index.php\/wp-json\/wp\/v2\/posts"}],"about":[{"href":"https:\/\/elreporterodelacomunidad.com\/index.php\/wp-json\/wp\/v2\/types\/post"}],"author":[{"embeddable":true,"href":"https:\/\/elreporterodelacomunidad.com\/index.php\/wp-json\/wp\/v2\/users\/1"}],"replies":[{"embeddable":true,"href":"https:\/\/elreporterodelacomunidad.com\/index.php\/wp-json\/wp\/v2\/comments?post=5114"}],"version-history":[{"count":1,"href":"https:\/\/elreporterodelacomunidad.com\/index.php\/wp-json\/wp\/v2\/posts\/5114\/revisions"}],"predecessor-version":[{"id":5116,"href":"https:\/\/elreporterodelacomunidad.com\/index.php\/wp-json\/wp\/v2\/posts\/5114\/revisions\/5116"}],"wp:featuredmedia":[{"embeddable":true,"href":"https:\/\/elreporterodelacomunidad.com\/index.php\/wp-json\/wp\/v2\/media\/5115"}],"wp:attachment":[{"href":"https:\/\/elreporterodelacomunidad.com\/index.php\/wp-json\/wp\/v2\/media?parent=5114"}],"wp:term":[{"taxonomy":"category","embeddable":true,"href":"https:\/\/elreporterodelacomunidad.com\/index.php\/wp-json\/wp\/v2\/categories?post=5114"},{"taxonomy":"post_tag","embeddable":true,"href":"https:\/\/elreporterodelacomunidad.com\/index.php\/wp-json\/wp\/v2\/tags?post=5114"}],"curies":[{"name":"wp","href":"https:\/\/api.w.org\/{rel}","templated":true}]}}