{"id":5079,"date":"2024-06-10T14:30:32","date_gmt":"2024-06-10T21:30:32","guid":{"rendered":"https:\/\/elreporterodelacomunidad.com\/?p=5079"},"modified":"2024-06-10T14:30:33","modified_gmt":"2024-06-10T21:30:33","slug":"jesus-antonio-n-es-vinculado-a-proceso-por-abuso-sexual-en-hermosillo","status":"publish","type":"post","link":"https:\/\/elreporterodelacomunidad.com\/index.php\/2024\/06\/10\/jesus-antonio-n-es-vinculado-a-proceso-por-abuso-sexual-en-hermosillo\/","title":{"rendered":"Jes\u00fas Antonio \u201cN\u201d es vinculado a proceso por abuso sexual en Hermosillo"},"content":{"rendered":"\n<p><\/p>\n\n\n\n<p>Hermosillo, Sonora, 10 de junio de 2024.- Por su probable responsabilidad en los delitos de abuso sexual agravado y abuso sexual agravado reiterado, en agravio de dos menores de edad de identidades reservadas, la Fiscal\u00eda General de Justicia del Estado de Sonora (FGJES) obtuvo la vinculaci\u00f3n a proceso y la imposici\u00f3n de prisi\u00f3n preventiva para Jes\u00fas Antonio \u201cN\u201d.<\/p>\n\n\n\n<p>Dentro de la carpeta de investigaci\u00f3n se determin\u00f3 que, el pasado 2 de junio, el sujeto presuntamente agredi\u00f3 a dos ni\u00f1as en el interior de un domicilio ubicado en la colonia Villa del Prado, en Hermosillo, Sonora, aprovechando la confianza depositada en \u00e9l por ser el padrastro de las v\u00edctimas.<\/p>\n\n\n\n<p>Una de las menores se\u00f1al\u00f3 que el imputado realizaba los abusos contra ellas desde hace tres a\u00f1os, cuando la madre sal\u00eda a trabajar, vulnerando as\u00ed el bien jur\u00eddico tutelado por la ley, que es la seguridad sexual.<\/p>\n\n\n\n<p>Jes\u00fas Antonio &#8220;N&#8221; fue detenido el mismo d\u00eda, 5 de junio, por oficiales de la Polic\u00eda Estatal de Seguridad P\u00fablica (PESP), en respuesta al reporte de las v\u00edctimas al n\u00famero de Emergencias, al ser presentado ante el Juez, se calific\u00f3 de legal su detenci\u00f3n, fue imputado y vinculado a proceso, y se le impuso prisi\u00f3n preventiva justificada.<\/p>\n\n\n\n<p>La Fiscal\u00eda General de Justicia del Estado de Sonora (FGJES) reitera su compromiso ante la sociedad en general de investigar y garantizar que se aplique todo el peso de la ley a quienes violenten y atenten contra la seguridad de ni\u00f1as, ni\u00f1os y adolescentes.<\/p>\n","protected":false},"excerpt":{"rendered":"<p>Hermosillo, Sonora, 10 de junio de 2024.- Por su probable responsabilidad en los delitos de abuso sexual agravado y abuso sexual agravado reiterado, en agravio de dos menores de edad de identidades reservadas, la Fiscal\u00eda General de Justicia del Estado de Sonora (FGJES) obtuvo la vinculaci\u00f3n a proceso y la imposici\u00f3n de prisi\u00f3n preventiva para [&hellip;]<\/p>\n","protected":false},"author":1,"featured_media":5080,"comment_status":"open","ping_status":"open","sticky":false,"template":"","format":"standard","meta":{"footnotes":""},"categories":[34,32],"tags":[],"class_list":["post-5079","post","type-post","status-publish","format-standard","has-post-thumbnail","hentry","category-general","category-policiaca"],"_links":{"self":[{"href":"https:\/\/elreporterodelacomunidad.com\/index.php\/wp-json\/wp\/v2\/posts\/5079","targetHints":{"allow":["GET"]}}],"collection":[{"href":"https:\/\/elreporterodelacomunidad.com\/index.php\/wp-json\/wp\/v2\/posts"}],"about":[{"href":"https:\/\/elreporterodelacomunidad.com\/index.php\/wp-json\/wp\/v2\/types\/post"}],"author":[{"embeddable":true,"href":"https:\/\/elreporterodelacomunidad.com\/index.php\/wp-json\/wp\/v2\/users\/1"}],"replies":[{"embeddable":true,"href":"https:\/\/elreporterodelacomunidad.com\/index.php\/wp-json\/wp\/v2\/comments?post=5079"}],"version-history":[{"count":1,"href":"https:\/\/elreporterodelacomunidad.com\/index.php\/wp-json\/wp\/v2\/posts\/5079\/revisions"}],"predecessor-version":[{"id":5081,"href":"https:\/\/elreporterodelacomunidad.com\/index.php\/wp-json\/wp\/v2\/posts\/5079\/revisions\/5081"}],"wp:featuredmedia":[{"embeddable":true,"href":"https:\/\/elreporterodelacomunidad.com\/index.php\/wp-json\/wp\/v2\/media\/5080"}],"wp:attachment":[{"href":"https:\/\/elreporterodelacomunidad.com\/index.php\/wp-json\/wp\/v2\/media?parent=5079"}],"wp:term":[{"taxonomy":"category","embeddable":true,"href":"https:\/\/elreporterodelacomunidad.com\/index.php\/wp-json\/wp\/v2\/categories?post=5079"},{"taxonomy":"post_tag","embeddable":true,"href":"https:\/\/elreporterodelacomunidad.com\/index.php\/wp-json\/wp\/v2\/tags?post=5079"}],"curies":[{"name":"wp","href":"https:\/\/api.w.org\/{rel}","templated":true}]}}