{"id":5014,"date":"2024-06-07T21:45:27","date_gmt":"2024-06-08T04:45:27","guid":{"rendered":"https:\/\/elreporterodelacomunidad.com\/?p=5014"},"modified":"2024-06-07T21:45:29","modified_gmt":"2024-06-08T04:45:29","slug":"detienen-a-estudiante-tras-amenazar-con-cuchillo-a-companero-en-colegio-de-hermosillo","status":"publish","type":"post","link":"https:\/\/elreporterodelacomunidad.com\/index.php\/2024\/06\/07\/detienen-a-estudiante-tras-amenazar-con-cuchillo-a-companero-en-colegio-de-hermosillo\/","title":{"rendered":"Detienen a estudiante tras amenazar con cuchillo a compa\u00f1ero en colegio de Hermosillo."},"content":{"rendered":"\n<p>La prefecta de la instituci\u00f3n alert\u00f3 a las autoridades tras amenazar al joven.<\/p>\n\n\n\n<p><\/p>\n\n\n\n<p>Hermosillo, SOnora a 07 de Junio del 2024.- Un estudiante de secundaria fue detenido en Hermosillo luego de amenazar a un compa\u00f1ero de clases con un arma blanca.<\/p>\n\n\n\n<p>Los hechos ocurrieron al interior de una escuela secundaria ubicada en la colonia Villas del Palmar, luego de que un alumno fuera v\u00edctima de amenaza.<\/p>\n\n\n\n<p>Alrededor de las 12:00 horas, un estudiante report\u00f3 a las autoridades del plantel que su compa\u00f1ero coloc\u00f3 un cuchillo en su cuello y le amenaz\u00f3 con privarlo de la vida.<\/p>\n\n\n\n<p>La prefecta de la instituci\u00f3n alert\u00f3 al 911, por lo efectivos de la Polic\u00eda Municipal arribaron al lugar, para detener al presunto responsable.<\/p>\n\n\n\n<p>El joven fue puesto a disposici\u00f3n del Ministerio P\u00fablico de menores.<\/p>\n","protected":false},"excerpt":{"rendered":"<p>La prefecta de la instituci\u00f3n alert\u00f3 a las autoridades tras amenazar al joven. Hermosillo, SOnora a 07 de Junio del 2024.- Un estudiante de secundaria fue detenido en Hermosillo luego de amenazar a un compa\u00f1ero de clases con un arma blanca. Los hechos ocurrieron al interior de una escuela secundaria ubicada en la colonia Villas [&hellip;]<\/p>\n","protected":false},"author":1,"featured_media":5015,"comment_status":"open","ping_status":"open","sticky":false,"template":"","format":"standard","meta":{"footnotes":""},"categories":[34,32],"tags":[],"class_list":["post-5014","post","type-post","status-publish","format-standard","has-post-thumbnail","hentry","category-general","category-policiaca"],"_links":{"self":[{"href":"https:\/\/elreporterodelacomunidad.com\/index.php\/wp-json\/wp\/v2\/posts\/5014","targetHints":{"allow":["GET"]}}],"collection":[{"href":"https:\/\/elreporterodelacomunidad.com\/index.php\/wp-json\/wp\/v2\/posts"}],"about":[{"href":"https:\/\/elreporterodelacomunidad.com\/index.php\/wp-json\/wp\/v2\/types\/post"}],"author":[{"embeddable":true,"href":"https:\/\/elreporterodelacomunidad.com\/index.php\/wp-json\/wp\/v2\/users\/1"}],"replies":[{"embeddable":true,"href":"https:\/\/elreporterodelacomunidad.com\/index.php\/wp-json\/wp\/v2\/comments?post=5014"}],"version-history":[{"count":1,"href":"https:\/\/elreporterodelacomunidad.com\/index.php\/wp-json\/wp\/v2\/posts\/5014\/revisions"}],"predecessor-version":[{"id":5016,"href":"https:\/\/elreporterodelacomunidad.com\/index.php\/wp-json\/wp\/v2\/posts\/5014\/revisions\/5016"}],"wp:featuredmedia":[{"embeddable":true,"href":"https:\/\/elreporterodelacomunidad.com\/index.php\/wp-json\/wp\/v2\/media\/5015"}],"wp:attachment":[{"href":"https:\/\/elreporterodelacomunidad.com\/index.php\/wp-json\/wp\/v2\/media?parent=5014"}],"wp:term":[{"taxonomy":"category","embeddable":true,"href":"https:\/\/elreporterodelacomunidad.com\/index.php\/wp-json\/wp\/v2\/categories?post=5014"},{"taxonomy":"post_tag","embeddable":true,"href":"https:\/\/elreporterodelacomunidad.com\/index.php\/wp-json\/wp\/v2\/tags?post=5014"}],"curies":[{"name":"wp","href":"https:\/\/api.w.org\/{rel}","templated":true}]}}